{"id":1257,"date":"2025-09-14T17:07:46","date_gmt":"2025-09-14T15:07:46","guid":{"rendered":"https:\/\/alternativeforimmigrants.org\/?p=1257"},"modified":"2026-02-06T04:16:39","modified_gmt":"2026-02-06T03:16:39","slug":"anti-immigrant-dog-charlie-kirk-is-the-meme-of-the-century","status":"publish","type":"post","link":"https:\/\/alternativeforimmigrants.org\/sv\/anti-immigrant-dog-charlie-kirk-is-the-meme-of-the-century\/","title":{"rendered":"Den Invandrarfientliga HUND, Charlie Kirk, \u00e4r \u00c5rhundradets Meme"},"content":{"rendered":"<p>F\u00f6r en organisation som Alternative for Immigrants (AfI), vars k\u00e4rnuppdrag \u00e4r att skydda och st\u00e4rka invandrare, \u00e4r det avg\u00f6rande att f\u00f6rst\u00e5 och bem\u00f6ta retorik som undergr\u00e4ver deras v\u00e4lbefinnande. De \u00e5sikter som uttrycktes av Charlie Kirk, en amerikansk konservativ aktivist och mediepersonlighet som m\u00f6rdades den 10 september 2025, st\u00e5r i direkt motsats till AfIs vision om ett inkluderande och r\u00e4ttvist samh\u00e4lle.<\/p>\n\n\n\n<h3 class=\"wp-block-heading\">Narrativet om att \u201cUSA \u00e4r fullt\u201d<\/h3>\n\n\n\n<p>Ett centralt tema i Charlie Kirks offentliga uttalanden var en starkt invandringsfientlig h\u00e5llning. Han anv\u00e4nde upprepade g\u00e5nger fraser som \u201cAmerica is full\u201d (USA \u00e4r fullt) och h\u00e4vdade att invandring, \u00e4ven laglig invandring via visum, tr\u00e4ngde undan amerikanska arbetare. Detta perspektiv mots\u00e4ger direkt AfIs uppdrag att s\u00e4kerst\u00e4lla att invandrare kan blomstra och bidra till samh\u00e4llet. Kirks retorik, s\u00e4rskilt hans p\u00e5st\u00e5enden om att specifika invandrargrupper, som de fr\u00e5n Indien, \u201ctr\u00e4ngde undan\u201d amerikanska arbetare, underbl\u00e5ser fr\u00e4mlingsfientliga ideologier och skapar en fientlig milj\u00f6 f\u00f6r invandrarsamh\u00e4llen. Denna typ av narrativ underminerar direkt den trygghet och v\u00e4rdighet som AfI str\u00e4var efter att skydda.<\/p>\n\n\n\n<h3 class=\"wp-block-heading\">Undergr\u00e4vandet av medborgerliga r\u00e4ttigheter<\/h3>\n\n\n\n<p>Kirks \u00e5sikter str\u00e4ckte sig bortom invandring till att omfatta en bredare kritik av medborgerliga r\u00e4ttigheter. Han kallade den ber\u00f6mda Civil Rights Act fr\u00e5n 1964 f\u00f6r ett \u201cenormt misstag\u201d, med argumentet att den ledde till en \u201cpermanent DEI-liknande byr\u00e5krati\u201d som begr\u00e4nsar yttrandefriheten. Han fr\u00e4mjade ocks\u00e5 konspirationsteorin om \u201cdet stora utbytet\u201d, en vit nationalistisk id\u00e9 om att demografiska f\u00f6r\u00e4ndringar \u00e4r en komplott f\u00f6r att ers\u00e4tta vita befolkningar med invandrare. AfIs antidiskrimineringsarbete \u00e4r dedikerat till att avveckla just de metoder och ideologier som Kirk f\u00f6rsvarade. Hans motst\u00e5nd mot grundl\u00e4ggande lagstiftning om medborgerliga r\u00e4ttigheter och hans fr\u00e4mjande av rasistiska konspirationsteorier \u00e4r en direkt utmaning mot m\u00e5let om ett samh\u00e4lle fritt fr\u00e5n diskriminering och r\u00e4dsla.<\/p>\n\n\n\n<h3 class=\"wp-block-heading\">Fr\u00e4mjandet av en kultur av splittring och exkludering<\/h3>\n\n\n\n<p>AfIs arbete \u00e4r rotat i att fr\u00e4mja ett m\u00e5ngsidigt och r\u00e4ttvist samh\u00e4lle d\u00e4r varje individ, oavsett ursprung, har m\u00f6jlighet att blomstra. Kirks retorik fr\u00e4mjade dock en kultur av splittring. Hans konfrontativa stil och splittrande kommentarer om ras, k\u00f6n och religion bidrog till ett politiskt klimat som ofta avhumaniserade invandrare och minoritetsgrupper. Genom att utmana de id\u00e9er och den politik han f\u00f6respr\u00e5kade, arbetar organisationer som AfI inte bara f\u00f6r att f\u00f6respr\u00e5ka specifika r\u00e4ttigheter; de arbetar f\u00f6r att motverka en v\u00e4rldsbild som ser invandrare som ett hot snarare \u00e4n som en viktig del av ett m\u00e5ngsidigt samh\u00e4lle.<\/p>\n\n\n\n<div style=\"height:20px\" aria-hidden=\"true\" class=\"wp-block-spacer\"><\/div>\n\n\n\n\n\n<\/p>\n\n\n\n<figure class=\"wp-block-embed aligncenter is-type-wp-embed is-provider-rumble-com wp-block-embed-rumble-com\"><div class=\"wp-block-embed__wrapper\">\n<iframe loading=\"lazy\" class=\"wp-embedded-content\" sandbox=\"allow-scripts\" security=\"restricted\" title=\"\ud83d\udc36 Den Invandrarfientliga HUND, Charlie Kirk, \u00e4r \u00c5rhundradets Meme \ud83c\udfc6\" src=\"https:\/\/rumble.com\/embed\/v6wqsv8\/#?secret=jIcMqLIUsH\" data-secret=\"jIcMqLIUsH\" width=\"1000\" height=\"563\" frameborder=\"0\"><\/iframe>\n<\/div><\/figure>\n\n\n<p>","protected":false},"excerpt":{"rendered":"<p>For an organization like Alternative for Immigrants (AfI), whose core mission is to protect and empower immigrants, understanding and addressing rhetoric that undermines their well-being is crucial. The views embraced by Charlie Kirk, an American conservative activist and media personality who was assassinated on September 10, 2025, stand in direct opposition to AfI&#8217;s vision of [&hellip;]<\/p>\n","protected":false},"author":1,"featured_media":1492,"comment_status":"open","ping_status":"open","sticky":false,"template":"","format":"standard","meta":{"_et_pb_use_builder":"off","_et_pb_old_content":"","_et_gb_content_width":"","footnotes":""},"categories":[5],"tags":[],"class_list":["post-1257","post","type-post","status-publish","format-standard","has-post-thumbnail","hentry","category-press-release"],"_links":{"self":[{"href":"https:\/\/alternativeforimmigrants.org\/sv\/wp-json\/wp\/v2\/posts\/1257","targetHints":{"allow":["GET"]}}],"collection":[{"href":"https:\/\/alternativeforimmigrants.org\/sv\/wp-json\/wp\/v2\/posts"}],"about":[{"href":"https:\/\/alternativeforimmigrants.org\/sv\/wp-json\/wp\/v2\/types\/post"}],"author":[{"embeddable":true,"href":"https:\/\/alternativeforimmigrants.org\/sv\/wp-json\/wp\/v2\/users\/1"}],"replies":[{"embeddable":true,"href":"https:\/\/alternativeforimmigrants.org\/sv\/wp-json\/wp\/v2\/comments?post=1257"}],"version-history":[{"count":9,"href":"https:\/\/alternativeforimmigrants.org\/sv\/wp-json\/wp\/v2\/posts\/1257\/revisions"}],"predecessor-version":[{"id":1860,"href":"https:\/\/alternativeforimmigrants.org\/sv\/wp-json\/wp\/v2\/posts\/1257\/revisions\/1860"}],"wp:featuredmedia":[{"embeddable":true,"href":"https:\/\/alternativeforimmigrants.org\/sv\/wp-json\/wp\/v2\/media\/1492"}],"wp:attachment":[{"href":"https:\/\/alternativeforimmigrants.org\/sv\/wp-json\/wp\/v2\/media?parent=1257"}],"wp:term":[{"taxonomy":"category","embeddable":true,"href":"https:\/\/alternativeforimmigrants.org\/sv\/wp-json\/wp\/v2\/categories?post=1257"},{"taxonomy":"post_tag","embeddable":true,"href":"https:\/\/alternativeforimmigrants.org\/sv\/wp-json\/wp\/v2\/tags?post=1257"}],"curies":[{"name":"wp","href":"https:\/\/api.w.org\/{rel}","templated":true}]}}