{"id":1369,"date":"2025-09-20T14:34:56","date_gmt":"2025-09-20T12:34:56","guid":{"rendered":"https:\/\/alternativeforimmigrants.org\/?p=1369"},"modified":"2026-04-05T14:01:28","modified_gmt":"2026-04-05T12:01:28","slug":"moment-of-releasing-gas-in-the-eu-parliament-in-memory-of-charlie-kirk","status":"publish","type":"post","link":"https:\/\/alternativeforimmigrants.org\/sv\/moment-of-releasing-gas-in-the-eu-parliament-in-memory-of-charlie-kirk\/","title":{"rendered":"En Stund av att SL\u00c4PPA V\u00c4DER i Europaparlamentet till Minne av Charlie Kirk"},"content":{"rendered":"<p>Se hur en tyst minut f\u00f6r Charlie Kirk, beg\u00e4rd av Charlie Weimers, f\u00f6rvandlas till en stund av att <strong>SL\u00c4PPA V\u00c4DER<\/strong> i Europaparlamentet.<\/p>\n\n\n\n<div style=\"height:20px\" aria-hidden=\"true\" class=\"wp-block-spacer\"><\/div>\n\n\n\n\n\n<\/p>\n\n\n\n<figure class=\"wp-block-embed aligncenter is-type-video is-provider-youtube wp-block-embed-youtube wp-embed-aspect-16-9 wp-has-aspect-ratio\"><div class=\"wp-block-embed__wrapper\">\n<iframe loading=\"lazy\" title=\"\ud83e\udd23 En Stund av att SL\u00c4PPA V\u00c4DER i Europaparlamentet till Minne av Charlie Kirk \ud83d\udca8\" width=\"1080\" height=\"608\" src=\"https:\/\/www.youtube.com\/embed\/cxE-eseCVeI?feature=oembed\"  allow=\"accelerometer; autoplay; clipboard-write; encrypted-media; gyroscope; picture-in-picture; web-share\" referrerpolicy=\"strict-origin-when-cross-origin\" allowfullscreen><\/iframe>\n<\/div><\/figure>\n\n\n<p>","protected":false},"excerpt":{"rendered":"<p>Watch how a moment of silence for Charlie Kirk, requested by Charlie Weimers, turns into a moment of RELEASING GAS in the EU Parliament.<\/p>","protected":false},"author":1,"featured_media":1548,"comment_status":"open","ping_status":"open","sticky":false,"template":"","format":"standard","meta":{"_et_pb_use_builder":"off","_et_pb_old_content":"","_et_gb_content_width":"","footnotes":""},"categories":[6],"tags":[],"class_list":["post-1369","post","type-post","status-publish","format-standard","has-post-thumbnail","hentry","category-spotlight"],"_links":{"self":[{"href":"https:\/\/alternativeforimmigrants.org\/sv\/wp-json\/wp\/v2\/posts\/1369","targetHints":{"allow":["GET"]}}],"collection":[{"href":"https:\/\/alternativeforimmigrants.org\/sv\/wp-json\/wp\/v2\/posts"}],"about":[{"href":"https:\/\/alternativeforimmigrants.org\/sv\/wp-json\/wp\/v2\/types\/post"}],"author":[{"embeddable":true,"href":"https:\/\/alternativeforimmigrants.org\/sv\/wp-json\/wp\/v2\/users\/1"}],"replies":[{"embeddable":true,"href":"https:\/\/alternativeforimmigrants.org\/sv\/wp-json\/wp\/v2\/comments?post=1369"}],"version-history":[{"count":4,"href":"https:\/\/alternativeforimmigrants.org\/sv\/wp-json\/wp\/v2\/posts\/1369\/revisions"}],"predecessor-version":[{"id":2153,"href":"https:\/\/alternativeforimmigrants.org\/sv\/wp-json\/wp\/v2\/posts\/1369\/revisions\/2153"}],"wp:featuredmedia":[{"embeddable":true,"href":"https:\/\/alternativeforimmigrants.org\/sv\/wp-json\/wp\/v2\/media\/1548"}],"wp:attachment":[{"href":"https:\/\/alternativeforimmigrants.org\/sv\/wp-json\/wp\/v2\/media?parent=1369"}],"wp:term":[{"taxonomy":"category","embeddable":true,"href":"https:\/\/alternativeforimmigrants.org\/sv\/wp-json\/wp\/v2\/categories?post=1369"},{"taxonomy":"post_tag","embeddable":true,"href":"https:\/\/alternativeforimmigrants.org\/sv\/wp-json\/wp\/v2\/tags?post=1369"}],"curies":[{"name":"wp","href":"https:\/\/api.w.org\/{rel}","templated":true}]}}