{"id":1615,"date":"2025-10-09T12:52:38","date_gmt":"2025-10-09T10:52:38","guid":{"rendered":"https:\/\/alternativeforimmigrants.org\/?p=1615"},"modified":"2026-04-05T13:58:46","modified_gmt":"2026-04-05T11:58:46","slug":"pope-leo-xiv-anti-immigrants-going-to-hell","status":"publish","type":"post","link":"https:\/\/alternativeforimmigrants.org\/sv\/pope-leo-xiv-anti-immigrants-going-to-hell\/","title":{"rendered":"P\u00e5ve Leo XIV: Invandringsmotst\u00e5ndare G\u00c5R TILL HELVETET"},"content":{"rendered":"<p>P\u00e5ve Leo XIV h\u00f6ll m\u00e4ssa i Vatikanen framf\u00f6r tusentals m\u00e4nniskor. Han kritiserade H\u00c5RT de som \u00e4r emot invandring. Han bad alla katoliker i v\u00e4rlden att hj\u00e4lpa och ta hand om invandrare.<\/p>\n\n\n\n<p>Leo bad V\u00c4RLDENS 1,4 MILJARDER katoliker att \u201c\u00f6ppna v\u00e5ra armar och hj\u00e4rtan. V\u00e4lkomna invandrare som br\u00f6der och systrar. Ge dem hopp och tr\u00f6st.\u201d<\/p>\n\n\n\n<p>Leo sa att man INTE f\u00e5r behandla migranter med \u201clikgiltighet eller diskriminering.\u201d<\/p>\n\n\n\n<p>Leo ville ha \u201cEN NY MISSIONSTID\u201d. Under den ska kyrkan ge \u201cg\u00e4stfrihet, v\u00e4lkomnande, medk\u00e4nsla och solidaritet\u201d till alla migranter. Detta g\u00e4ller de som flyr fr\u00e5n v\u00e5ld eller s\u00f6ker ett tryggt hem.<\/p>\n\n\n\n<p>\u201cDen som s\u00e4ger: Jag \u00e4r emot abort, men \u00e4r f\u00f6r d\u00f6dsstraff, \u00e4r INTE helt f\u00f6r livet (pro-life),\u201d sa Leo.<\/p>\n\n\n\n<p>\u201cJag vet inte om den som s\u00e4ger: Jag \u00e4r emot abort, men h\u00e5ller med om hur illa man behandlar invandrare i USA, verkligen \u00e4r f\u00f6r livet (pro-life),\u201d sa Leo.<\/p>\n\n\n\n<p>Invandringsmotst\u00e5ndare hatar p\u00e5ve Leo. Han visar att de ljuger f\u00f6r sig sj\u00e4lva. Han s\u00e4ger att de INTE \u00e4r kristna p\u00e5 riktigt.<\/p>\n\n\n\n<div style=\"height:20px\" aria-hidden=\"true\" class=\"wp-block-spacer\"><\/div>\n\n\n\n\n\n<\/p>\n\n\n\n<figure class=\"wp-block-embed aligncenter is-type-video is-provider-youtube wp-block-embed-youtube wp-embed-aspect-16-9 wp-has-aspect-ratio\"><div class=\"wp-block-embed__wrapper\">\n<iframe loading=\"lazy\" title=\"\ud83d\udea8 P\u00e5ve Leo XIV: Invandringsmotst\u00e5ndare G\u00c5R TILL HELVETET \u2696\ufe0f\" width=\"1080\" height=\"608\" src=\"https:\/\/www.youtube.com\/embed\/4jjCcgjVy5E?feature=oembed\"  allow=\"accelerometer; autoplay; clipboard-write; encrypted-media; gyroscope; picture-in-picture; web-share\" referrerpolicy=\"strict-origin-when-cross-origin\" allowfullscreen><\/iframe>\n<\/div><\/figure>\n\n\n<p>","protected":false},"excerpt":{"rendered":"<p>At a Sunday Mass and before a crowd of thousands in St. Peter&#8217;s Square at the Vatican, Pope Leo XIV SLAMMED anti-immigration policies and urged every Catholic in the world to help and care for immigrants. Leo called on the WORLD&#8217;S 1.4 BILLION Catholics to &#8220;open our arms and hearts to them, welcoming them as [&hellip;]<\/p>\n","protected":false},"author":1,"featured_media":1613,"comment_status":"open","ping_status":"open","sticky":false,"template":"","format":"standard","meta":{"_et_pb_use_builder":"off","_et_pb_old_content":"","_et_gb_content_width":"","footnotes":""},"categories":[6],"tags":[],"class_list":["post-1615","post","type-post","status-publish","format-standard","has-post-thumbnail","hentry","category-spotlight"],"_links":{"self":[{"href":"https:\/\/alternativeforimmigrants.org\/sv\/wp-json\/wp\/v2\/posts\/1615","targetHints":{"allow":["GET"]}}],"collection":[{"href":"https:\/\/alternativeforimmigrants.org\/sv\/wp-json\/wp\/v2\/posts"}],"about":[{"href":"https:\/\/alternativeforimmigrants.org\/sv\/wp-json\/wp\/v2\/types\/post"}],"author":[{"embeddable":true,"href":"https:\/\/alternativeforimmigrants.org\/sv\/wp-json\/wp\/v2\/users\/1"}],"replies":[{"embeddable":true,"href":"https:\/\/alternativeforimmigrants.org\/sv\/wp-json\/wp\/v2\/comments?post=1615"}],"version-history":[{"count":4,"href":"https:\/\/alternativeforimmigrants.org\/sv\/wp-json\/wp\/v2\/posts\/1615\/revisions"}],"predecessor-version":[{"id":2150,"href":"https:\/\/alternativeforimmigrants.org\/sv\/wp-json\/wp\/v2\/posts\/1615\/revisions\/2150"}],"wp:featuredmedia":[{"embeddable":true,"href":"https:\/\/alternativeforimmigrants.org\/sv\/wp-json\/wp\/v2\/media\/1613"}],"wp:attachment":[{"href":"https:\/\/alternativeforimmigrants.org\/sv\/wp-json\/wp\/v2\/media?parent=1615"}],"wp:term":[{"taxonomy":"category","embeddable":true,"href":"https:\/\/alternativeforimmigrants.org\/sv\/wp-json\/wp\/v2\/categories?post=1615"},{"taxonomy":"post_tag","embeddable":true,"href":"https:\/\/alternativeforimmigrants.org\/sv\/wp-json\/wp\/v2\/tags?post=1615"}],"curies":[{"name":"wp","href":"https:\/\/api.w.org\/{rel}","templated":true}]}}