{"id":1629,"date":"2025-10-16T05:28:37","date_gmt":"2025-10-16T03:28:37","guid":{"rendered":"https:\/\/alternativeforimmigrants.org\/?p=1629"},"modified":"2026-04-05T13:58:07","modified_gmt":"2026-04-05T11:58:07","slug":"unemployed-neo-nazi-scum-who-murdered-a-refugee-kid-survived-on-your-taxes","status":"publish","type":"post","link":"https:\/\/alternativeforimmigrants.org\/sv\/unemployed-neo-nazi-scum-who-murdered-a-refugee-kid-survived-on-your-taxes\/","title":{"rendered":"ARBETSL\u00d6S Nynazistisk AVSKUM Som M\u00f6rdade en Flyktingkille \u00d6VERLEVDE p\u00e5 DINA Skattepengar!"},"content":{"rendered":"<h3 class=\"wp-block-heading\">Offret och F\u00f6rlusten<\/h3>\n\n\n\n<p>Ahmad Al Ibrahim, 16. Syrinsk flykting, student, son, brorson och v\u00e4n. Han dr\u00f6mde om att bli l\u00e4kare, om att hj\u00e4lpa andra, om ett tryggt liv i Europa. Den dr\u00f6mmen sl\u00e4cktes brutalt i en oprovocerad knivattack i Storbritannien.<\/p>\n\n\n\n<h3 class=\"wp-block-heading\">H\u00e4ndelsen och H\u00e4nsynsl\u00f6sheten<\/h3>\n\n\n\n<p>Alfie Franco, 20, d\u00f6mdes till livstids f\u00e4ngelse f\u00f6r Ahmads mord. Franco lockade avsiktligt Ahmad i en f\u00e4lla och knivh\u00f6gg honom mitt p\u00e5 en livlig shoppinggata, i full \u00e5syn av f\u00f6rbipasserande. Han var drogp\u00e5verkad av en farlig cocktail, inklusive cannabis, kokain, diazepam, ketamin och kodein.<\/p>\n\n\n\n<h3 class=\"wp-block-heading\">Iskall Brist p\u00e5 \u00c5nger<\/h3>\n\n\n\n<p>I r\u00e4ttssalen, n\u00e4r familjens uttalande beskrev en pappas hj\u00e4rtattack och en mammas o\u00e4ndliga sorg, visade Franco ingen som helst k\u00e4nsla eller \u00e5nger under hela r\u00e4tteg\u00e5ngen. Denna iskalla likgiltighet understryker hur ondskefullt och ber\u00e4knande hans brott mot en s\u00e5rbar flykting var.<\/p>\n\n\n\n<h3 class=\"wp-block-heading\">Hatets Politiska Ansikte<\/h3>\n\n\n\n<p>Detta var inte en isolerad handling. M\u00f6rdaren, Franco, \u00e4r kopplad till Reform UK, Britain First, Homeland Party, UKIP och Patriotic Alternative, och deltog aktivt i de brittiska anti-invandringsprotesterna 2025.<\/p>\n\n\n\n<p>Att Franco var arbetsl\u00f6s, fick bidrag och bes\u00f6kte jobcentrum p\u00e5 brottsdagen blottl\u00e4gger hyckleriet hos dem som utser invandrare till syndabockar medan de sj\u00e4lva inte bidrar med n\u00e5got annat \u00e4n v\u00e5ld. Denna handling \u00e4r en direkt konsekvens av den fr\u00e4mlingsfientliga och hatfyllda ideologi som dessa skr\u00e4p sprider.<\/p>\n\n\n\n<h3 class=\"wp-block-heading\">Det Br\u00e4ckta L\u00f6ftet<\/h3>\n\n\n\n<p>Ahmads farbror, Ghazwan Al Ibrahim, uttalade tragiskt att Ahmad s\u00e5g Storbritannien som fredens land och dr\u00f6mmarnas uppfyllelse. Ist\u00e4llet blev det platsen d\u00e4r hans liv tog slut. Fallet \u00e4r en sm\u00e4rtsam p\u00e5minnelse om den s\u00e5rbarhet flyktingar m\u00f6ter \u00e4ven efter att ha n\u00e5tt vad de hoppas \u00e4r s\u00e4kerhet.<\/p>\n\n\n\n<h3 class=\"wp-block-heading\">AfI:s St\u00e5ndpunkt<\/h3>\n\n\n\n<p>AfI f\u00f6rd\u00f6mer detta avskyv\u00e4rda brott och st\u00e5r sida vid sida med Ahmads familj. Vi v\u00e4lkomnar livstidsdomen som Franco fick f\u00f6r detta fruktansv\u00e4rda och hatfyllda ton\u00e5rsmord. AfI hoppas ocks\u00e5 att de andra internerna finner Francos RUMPA L\u00c4MPLIGT ATTRAKTIV och hj\u00e4lper honom att installera sig, s\u00e5 att s\u00e4ga.<\/p>\n\n\n\n<div style=\"height:20px\" aria-hidden=\"true\" class=\"wp-block-spacer\"><\/div>\n\n\n\n\n\n<\/p>\n\n\n\n<figure class=\"wp-block-embed aligncenter is-type-video is-provider-youtube wp-block-embed-youtube wp-embed-aspect-16-9 wp-has-aspect-ratio\"><div class=\"wp-block-embed__wrapper\">\n<iframe loading=\"lazy\" title=\"\ud83d\uddd1\ufe0f ARBETSL\u00d6S Nynazistisk AVSKUM Som M\u00f6rdade en Flyktingkille \u00d6VERLEVDE p\u00e5 DINA Skattepengar! \ud83d\udcb8\" width=\"1080\" height=\"608\" src=\"https:\/\/www.youtube.com\/embed\/vt5wi3rFL1g?feature=oembed\"  allow=\"accelerometer; autoplay; clipboard-write; encrypted-media; gyroscope; picture-in-picture; web-share\" referrerpolicy=\"strict-origin-when-cross-origin\" allowfullscreen><\/iframe>\n<\/div><\/figure>\n\n\n<p>","protected":false},"excerpt":{"rendered":"<p>The Victim &amp; The Loss Ahmad Al Ibrahim, 16. Syrian refugee, student, son, nephew, and friend. He dreamed of becoming a doctor, of helping others, of a safe life in Europe. That dream was brutally extinguished in an unprovoked knife attack in the UK. The Incident &amp; Recklessness Alfie Franco, 20, was sentenced to life [&hellip;]<\/p>\n","protected":false},"author":1,"featured_media":1633,"comment_status":"open","ping_status":"open","sticky":false,"template":"","format":"standard","meta":{"_et_pb_use_builder":"off","_et_pb_old_content":"","_et_gb_content_width":"","footnotes":""},"categories":[5],"tags":[],"class_list":["post-1629","post","type-post","status-publish","format-standard","has-post-thumbnail","hentry","category-press-release"],"_links":{"self":[{"href":"https:\/\/alternativeforimmigrants.org\/sv\/wp-json\/wp\/v2\/posts\/1629","targetHints":{"allow":["GET"]}}],"collection":[{"href":"https:\/\/alternativeforimmigrants.org\/sv\/wp-json\/wp\/v2\/posts"}],"about":[{"href":"https:\/\/alternativeforimmigrants.org\/sv\/wp-json\/wp\/v2\/types\/post"}],"author":[{"embeddable":true,"href":"https:\/\/alternativeforimmigrants.org\/sv\/wp-json\/wp\/v2\/users\/1"}],"replies":[{"embeddable":true,"href":"https:\/\/alternativeforimmigrants.org\/sv\/wp-json\/wp\/v2\/comments?post=1629"}],"version-history":[{"count":6,"href":"https:\/\/alternativeforimmigrants.org\/sv\/wp-json\/wp\/v2\/posts\/1629\/revisions"}],"predecessor-version":[{"id":2149,"href":"https:\/\/alternativeforimmigrants.org\/sv\/wp-json\/wp\/v2\/posts\/1629\/revisions\/2149"}],"wp:featuredmedia":[{"embeddable":true,"href":"https:\/\/alternativeforimmigrants.org\/sv\/wp-json\/wp\/v2\/media\/1633"}],"wp:attachment":[{"href":"https:\/\/alternativeforimmigrants.org\/sv\/wp-json\/wp\/v2\/media?parent=1629"}],"wp:term":[{"taxonomy":"category","embeddable":true,"href":"https:\/\/alternativeforimmigrants.org\/sv\/wp-json\/wp\/v2\/categories?post=1629"},{"taxonomy":"post_tag","embeddable":true,"href":"https:\/\/alternativeforimmigrants.org\/sv\/wp-json\/wp\/v2\/tags?post=1629"}],"curies":[{"name":"wp","href":"https:\/\/api.w.org\/{rel}","templated":true}]}}