{"id":1671,"date":"2025-11-02T17:05:38","date_gmt":"2025-11-02T16:05:38","guid":{"rendered":"https:\/\/alternativeforimmigrants.org\/?p=1671"},"modified":"2026-04-05T13:56:41","modified_gmt":"2026-04-05T11:56:41","slug":"all-you-need-to-know-about-the-aktivklubb-attack-in-stockholm","status":"publish","type":"post","link":"https:\/\/alternativeforimmigrants.org\/sv\/all-you-need-to-know-about-the-aktivklubb-attack-in-stockholm\/","title":{"rendered":"Allt Du Beh\u00f6ver Veta om Aktivklubbs Attack i Stockholm"},"content":{"rendered":"<p>Den oprovocerade, brutala attacken mot invandrare i centrala Stockholm den 27 augusti var inte en slumpm\u00e4ssig gatuolycka. Det var ett organiserat, koordinerat HATBROTT iscensatt av medlemmar i nynazistgruppen Aktivklubb. Denna h\u00e4ndelse bevisar en skr\u00e4mmande sanning: vi har inte l\u00e4ngre att g\u00f6ra med enskilda rasister, utan med en terrorcell som aktivt jagar v\u00e5rt samh\u00e4lle.<\/p>\n\n\n\n<p>Offren, som enbart valdes ut p\u00e5 grund av sin utl\u00e4ndska bakgrund, attackerades med slag och sparkar medan de l\u00e5g F\u00d6RSVARSL\u00d6SA p\u00e5 marken. Som \u00e5klagaren slog fast, agerade f\u00f6r\u00f6varna med \u201cs\u00e4rskild h\u00e4nsynsl\u00f6shet och r\u00e5het\u201d.<\/p>\n\n\n\n<p>Vi v\u00e4grar l\u00e5ta dessa fega m\u00e4n g\u00f6mma sig bakom anonymitet. Invandrarsamh\u00e4llet i Sverige har r\u00e4tt att k\u00e4nna till ansiktena och kopplingarna hos dem som planerar v\u00e5r f\u00f6rst\u00f6relse.<\/p>\n\n\n\n<h3 class=\"wp-block-heading\">Avsl\u00f6ja Aktivklubbs Fegisar<\/h3>\n\n\n\n<p>Individerna som st\u00e5r \u00e5talade \u00e4r:<\/p>\n\n\n\n<ul class=\"wp-block-list\">\n<li><strong>David Casper Englund (f\u00f6dd 2002-12-13):<\/strong> En drivande kraft och logistikansvarig f\u00f6r Aktivklubb, som koordinerar m\u00f6ten och hanterar material.<\/li>\n<\/ul>\n\n\n\n<figure class=\"wp-block-image aligncenter size-full\"><img loading=\"lazy\" decoding=\"async\" width=\"318\" height=\"460\" src=\"https:\/\/alternativeforimmigrants.org\/wp-content\/uploads\/2025\/11\/David-Casper-Englund.webp\" alt=\"\" class=\"wp-image-1672\" srcset=\"https:\/\/alternativeforimmigrants.org\/wp-content\/uploads\/2025\/11\/David-Casper-Englund.webp 318w, https:\/\/alternativeforimmigrants.org\/wp-content\/uploads\/2025\/11\/David-Casper-Englund-207x300.webp 207w\" sizes=\"(max-width: 318px) 100vw, 318px\" \/><\/figure>\n\n\n\n<ul class=\"wp-block-list\">\n<li><strong>Per Oliver Sima Petrell (f\u00f6dd 2001-12-19):<\/strong> En ledande medlem som skamligt gick \u00f6ver fr\u00e5n SOPORNA Nordiska Motst\u00e5ndsr\u00f6relsen (NMR) och beh\u00e5ller farliga internationella kopplingar.<\/li>\n<\/ul>\n\n\n\n<figure class=\"wp-block-image aligncenter size-full\"><img loading=\"lazy\" decoding=\"async\" width=\"270\" height=\"461\" src=\"https:\/\/alternativeforimmigrants.org\/wp-content\/uploads\/2025\/11\/Per-Oliver-Sima-Petrell.webp\" alt=\"\" class=\"wp-image-1676\" srcset=\"https:\/\/alternativeforimmigrants.org\/wp-content\/uploads\/2025\/11\/Per-Oliver-Sima-Petrell.webp 270w, https:\/\/alternativeforimmigrants.org\/wp-content\/uploads\/2025\/11\/Per-Oliver-Sima-Petrell-176x300.webp 176w\" sizes=\"(max-width: 270px) 100vw, 270px\" \/><\/figure>\n\n\n\n<ul class=\"wp-block-list\">\n<li><strong>Olof Knut Einar Pantzar (f\u00f6dd 2004-11-14):<\/strong> En aktiv medlem k\u00e4nd f\u00f6r att best\u00e4lla nynazistiska propagandaklisterm\u00e4rken. HAN STUDERAR vid NTI Handelsgymnasiet i Stockholm.<\/li>\n<\/ul>\n\n\n\n<figure class=\"wp-block-image aligncenter size-full\"><img loading=\"lazy\" decoding=\"async\" width=\"199\" height=\"406\" src=\"https:\/\/alternativeforimmigrants.org\/wp-content\/uploads\/2025\/11\/Olof-Knut-Einar-Pantzar.webp\" alt=\"\" class=\"wp-image-1677\" srcset=\"https:\/\/alternativeforimmigrants.org\/wp-content\/uploads\/2025\/11\/Olof-Knut-Einar-Pantzar.webp 199w, https:\/\/alternativeforimmigrants.org\/wp-content\/uploads\/2025\/11\/Olof-Knut-Einar-Pantzar-147x300.webp 147w\" sizes=\"(max-width: 199px) 100vw, 199px\" \/><\/figure>\n\n\n\n<ul class=\"wp-block-list\">\n<li><strong>Joey Frederikus Jan Greven (f\u00f6dd 2004-05-06):<\/strong> Aktiv i V\u00e4stra G\u00f6taland-avdelningen. HAN ARBETAR f\u00f6r Errixon Takv\u00e5rd Bor\u00e5s trots en historik av narkotikadomar och olovlig k\u00f6rning.<\/li>\n<\/ul>\n\n\n\n<figure class=\"wp-block-image aligncenter size-full\"><img loading=\"lazy\" decoding=\"async\" width=\"279\" height=\"405\" src=\"https:\/\/alternativeforimmigrants.org\/wp-content\/uploads\/2025\/11\/Joey-Frederikus-Jan-Greven.webp\" alt=\"\" class=\"wp-image-1678\" srcset=\"https:\/\/alternativeforimmigrants.org\/wp-content\/uploads\/2025\/11\/Joey-Frederikus-Jan-Greven.webp 279w, https:\/\/alternativeforimmigrants.org\/wp-content\/uploads\/2025\/11\/Joey-Frederikus-Jan-Greven-207x300.webp 207w\" sizes=\"(max-width: 279px) 100vw, 279px\" \/><\/figure>\n\n\n\n<h3 class=\"wp-block-heading\">Deras Propaganda \u00e4r en F\u00f6r\u00f6dmjukande L\u00f6gn<\/h3>\n\n\n\n<p>Aktivklubb bygger sitt rekryteringsbudskap p\u00e5 en l\u00f6gn om disciplin och att vara \u201cdrogfri\u201d. Den dokumenterade verkligheten \u00e4r en f\u00f6r\u00f6dmjukande skam: David Casper Englund misst\u00e4nktes f\u00f6r narkotikabruk vid gripandet, och Joey Frederikus Jan Greven har en dokumenterad historik av domar f\u00f6r narkotikainnehav.<\/p>\n\n\n\n<p>De \u00e4r INTE krigare; de \u00e4r SVAGA M\u00c4N som g\u00f6mmer sig bakom hat, droger och en flock. De \u00e4r dokumenterade misslyckanden, och vi kommer INTE att l\u00e5ta dem rekrytera era v\u00e4nner eller barn med sina trasiga l\u00f6gner.<\/p>\n\n\n\n<h3 class=\"wp-block-heading\">AfI Kr\u00e4ver OMEDELBAR Institutionell Handling<\/h3>\n\n\n\n<p>Dessa hatbrottslingar har till\u00e5tits verka i v\u00e5ra skolor och p\u00e5 v\u00e5ra arbetsplatser. AfI kr\u00e4ver att de som m\u00f6jligg\u00f6r detta st\u00e4lls till svars f\u00f6r att st\u00f6dja inhemsk terrorism:<\/p>\n\n\n\n<ul class=\"wp-block-list\">\n<li><strong>NTI Handelsgymnasiet i Stockholm:<\/strong> Bem\u00f6t offentligt studenter som Olof Knut Einar Pantzar och bekr\u00e4fta en tydlig nolltoleranspolicy mot hat, f\u00f6r att garantera en trygg studiemilj\u00f6.<\/li>\n\n\n\n<li><strong>Errixon Takv\u00e5rd Bor\u00e5s:<\/strong> V\u00e4gra att erbjuda anst\u00e4llning och ekonomiskt st\u00f6d till v\u00e5ldsamma hatbrottslingar som Joey Frederikus Jan Greven. Inget f\u00f6retag ska tj\u00e4na pengar p\u00e5 att medvetet anst\u00e4lla ett inhemskt hot.<\/li>\n\n\n\n<li><strong>Lokala Kommuner:<\/strong> Granska omedelbart alla hyresavtal och tillst\u00e5nd f\u00f6r att f\u00f6rhindra att tr\u00e4ningslokaler och allm\u00e4nna utrymmen utnyttjas av inhemska terrorceller som Aktivklubb.<\/li>\n<\/ul>\n\n\n\n<h3 class=\"wp-block-heading\">Till V\u00e5rt Samh\u00e4lle<\/h3>\n\n\n\n<p>N\u00e4r namnen, f\u00f6delsedatumen samt studie- och arbetsplatserna f\u00f6r dessa brottslingar avsl\u00f6jas, vet alla ansvarsfulla invandrare EXAKT vad de ska g\u00f6ra. Deras terrorkampanj \u00e4r avslutad.<\/p>\n\n\n\n<p>Vi uppmanar varje invandrare i Sverige att bidra till att Aktivklubb monteras ned. Dela denna sanning. <a href=\"https:\/\/alternativeforimmigrants.org\/sv\/donate\/\" data-type=\"page\" data-id=\"260\">Donera<\/a> till AfI:s juridiska f\u00f6rsvarsfond. Vi kommer att anv\u00e4nda lagens fulla kraft och v\u00e5rt samh\u00e4lles styrka f\u00f6r att s\u00e4kerst\u00e4lla r\u00e4ttvisa f\u00f6r offren och f\u00f6r att garantera att Aktivklubbs efterm\u00e4le blir ett totalt, miserabelt misslyckande.<\/p>\n\n\n\n<div style=\"height:20px\" aria-hidden=\"true\" class=\"wp-block-spacer\"><\/div>\n\n\n\n\n\n<\/p>\n\n\n\n<figure class=\"wp-block-embed aligncenter is-type-video is-provider-youtube wp-block-embed-youtube wp-embed-aspect-16-9 wp-has-aspect-ratio\"><div class=\"wp-block-embed__wrapper\">\n<iframe loading=\"lazy\" title=\"\ud83d\udc41\ufe0f Allt Du Beh\u00f6ver Veta om Aktivklubbs Attack i Stockholm \u2696\ufe0f\" width=\"1080\" height=\"608\" src=\"https:\/\/www.youtube.com\/embed\/cZuL1O8P7D8?feature=oembed\"  allow=\"accelerometer; autoplay; clipboard-write; encrypted-media; gyroscope; picture-in-picture; web-share\" referrerpolicy=\"strict-origin-when-cross-origin\" allowfullscreen><\/iframe>\n<\/div><\/figure>\n\n\n<p>","protected":false},"excerpt":{"rendered":"<p>The unprovoked, brutal attack on immigrants in central Stockholm on August 27th was not a random act of street violence. It was an organized, coordinated HATE CRIME orchestrated by members of the neo-Nazi group Aktivklubb. This incident proves one terrifying truth: we are no longer dealing with scattered racists, but with a terrorist cell actively [&hellip;]<\/p>\n","protected":false},"author":1,"featured_media":1669,"comment_status":"open","ping_status":"open","sticky":false,"template":"","format":"standard","meta":{"_et_pb_use_builder":"off","_et_pb_old_content":"","_et_gb_content_width":"","footnotes":""},"categories":[5],"tags":[],"class_list":["post-1671","post","type-post","status-publish","format-standard","has-post-thumbnail","hentry","category-press-release"],"_links":{"self":[{"href":"https:\/\/alternativeforimmigrants.org\/sv\/wp-json\/wp\/v2\/posts\/1671","targetHints":{"allow":["GET"]}}],"collection":[{"href":"https:\/\/alternativeforimmigrants.org\/sv\/wp-json\/wp\/v2\/posts"}],"about":[{"href":"https:\/\/alternativeforimmigrants.org\/sv\/wp-json\/wp\/v2\/types\/post"}],"author":[{"embeddable":true,"href":"https:\/\/alternativeforimmigrants.org\/sv\/wp-json\/wp\/v2\/users\/1"}],"replies":[{"embeddable":true,"href":"https:\/\/alternativeforimmigrants.org\/sv\/wp-json\/wp\/v2\/comments?post=1671"}],"version-history":[{"count":5,"href":"https:\/\/alternativeforimmigrants.org\/sv\/wp-json\/wp\/v2\/posts\/1671\/revisions"}],"predecessor-version":[{"id":2147,"href":"https:\/\/alternativeforimmigrants.org\/sv\/wp-json\/wp\/v2\/posts\/1671\/revisions\/2147"}],"wp:featuredmedia":[{"embeddable":true,"href":"https:\/\/alternativeforimmigrants.org\/sv\/wp-json\/wp\/v2\/media\/1669"}],"wp:attachment":[{"href":"https:\/\/alternativeforimmigrants.org\/sv\/wp-json\/wp\/v2\/media?parent=1671"}],"wp:term":[{"taxonomy":"category","embeddable":true,"href":"https:\/\/alternativeforimmigrants.org\/sv\/wp-json\/wp\/v2\/categories?post=1671"},{"taxonomy":"post_tag","embeddable":true,"href":"https:\/\/alternativeforimmigrants.org\/sv\/wp-json\/wp\/v2\/tags?post=1671"}],"curies":[{"name":"wp","href":"https:\/\/api.w.org\/{rel}","templated":true}]}}