{"id":1691,"date":"2025-11-17T15:44:34","date_gmt":"2025-11-17T14:44:34","guid":{"rendered":"https:\/\/alternativeforimmigrants.org\/?p=1691"},"modified":"2026-04-05T13:55:54","modified_gmt":"2026-04-05T11:55:54","slug":"aktivklubb-hate-crime-the-victims-story","status":"publish","type":"post","link":"https:\/\/alternativeforimmigrants.org\/sv\/aktivklubb-hate-crime-the-victims-story\/","title":{"rendered":"Aktivklubb Hatbrott: Offrets Ber\u00e4ttelse"},"content":{"rendered":"<p>Den 27 augusti blev en lugn promenad i centrala Stockholm en mardr\u00f6m f\u00f6r en man. Han \u00e4r 42 \u00e5r gammal och attackerades bara f\u00f6r att han s\u00e5g \u201cutl\u00e4ndsk\u201d ut. Som vi ber\u00e4ttade i v\u00e5r tidigare artikel, <a href=\"https:\/\/alternativeforimmigrants.org\/sv\/all-you-need-to-know-about-the-aktivklubb-attack-in-stockholm\/\" data-type=\"link\" data-id=\"https:\/\/alternativeforimmigrants.org\/all-you-need-to-know-about-the-aktivklubb-attack-in-stockholm\/\" target=\"_blank\" rel=\"noreferrer noopener\">Allt Du Beh\u00f6ver Veta om Aktivklubbs Attack i Stockholm<\/a>, var detta ett planerat hatbrott av nynazistgruppen Aktivklubb.<\/p>\n\n\n\n<p>AfI har jobbat h\u00e5rt f\u00f6r att visa vilka angriparna \u00e4r och vilka platser som hj\u00e4lper dem. Men den verkliga skadan \u00e4r inte bara r\u00e4tteg\u00e5ngen; det \u00e4r det liv som krossades.<\/p>\n\n\n\n<p>Offrets ord, som delats i ett offentligt uttalande, ger oss en tydlig bild. De visar inte bara sk\u00e4rs\u00e5ren och bl\u00e5m\u00e4rkena, utan den djupa, dolda sm\u00e4rta som orsakas av grymt hat.<\/p>\n\n\n\n<p>Han minns lite av sj\u00e4lva attacken: \u201d Jag minns att det h\u00e4nde n\u00e5got bakom mig och sen verkar jag ha f\u00f6rlorat medvetandet. Men vad det var som h\u00e4nde eller hur, det vet jag inte\u201d. Det polisen fick reda p\u00e5 \u00e4r skr\u00e4mmande: han blev slagen och sparkad om och om igen, \u00e4ven n\u00e4r han l\u00e5g hj\u00e4lpl\u00f6s p\u00e5 marken. V\u00e5ldet slutade f\u00f6rst n\u00e4r polisen kom.<\/p>\n\n\n\n<p>Den fysiska kostnaden var enorm: en hj\u00e4rnskakning, flera t\u00e4nder f\u00f6rst\u00f6rda, och en skr\u00e4mmande tid d\u00e5 han knappt kunde h\u00f6ra. Men sm\u00e4rtan inuti \u00e4r djupare.<\/p>\n\n\n\n<p>\u201cK\u00e4nslan var, och det biter sig fortfarande fast att jag, en vuxen man p\u00e5 42 \u00e5r, f\u00f6rnedrades och sl\u00e4ngdes till marken. Det var s\u00e5 v\u00e4ldigt h\u00e4nsynsl\u00f6st. Jag fick ingen m\u00f6jlighet att ens reagera. Jag bara l\u00e5g d\u00e4r medan de behandlade mig p\u00e5 det viset. Det \u00e4r s\u00e5 f\u00f6rnedrande. Den k\u00e4nslan har inte sl\u00e4ppt taget om mig. Det k\u00e4nns f\u00f6rnedrande och sv\u00e5rt\u201d.<\/p>\n\n\n\n<p>F\u00f6rnedring. Hj\u00e4lpl\u00f6shet. Detta \u00e4r hatets d\u00e5liga vapen. De stj\u00e4l v\u00e4rdighet, f\u00f6rst\u00f6r f\u00f6rtroende och tar bort den grundl\u00e4ggande trygghet vi alla beh\u00f6ver.<\/p>\n\n\n\n<p>Efter attacken k\u00e4nde han att han var tvungen att l\u00e4mna Sverige. Han \u00e5kte utomlands f\u00f6r att bo hos sl\u00e4ktingar. Han kom bara tillbaka f\u00f6r r\u00e4tteg\u00e5ngen, och n\u00e4r han kom tillbaka kom den skr\u00e4mmande k\u00e4nslan att sm\u00e4rtan kommer att vara l\u00e4nge: \u201cK\u00e4nslan av obehag och otrygghet kom tillbaka\u2026 Det k\u00e4nns h\u00e4r \u2013 en k\u00e4nsla av otrygghet\u201d.<\/p>\n\n\n\n<p>Hans liv \u00e4r nu f\u00f6r\u00e4ndrat: \u201d Jag har f\u00f6rs\u00f6kt bli som vanligt igen, en person som gillar att promenera. Men jag har blivit f\u00f6rsiktig, jag iakttar folks ansikten\u2026 N\u00e4r jag ser ett par, tre personer ihop undrar jag om de t\u00e4nker g\u00f6ra n\u00e5t. Om jag h\u00f6r n\u00e5t ljud bakom mig, v\u00e4nder jag mig direkt om f\u00f6r att se vad det \u00e4r. Jag \u00e4r p\u00e5 min vakt\u201d.<\/p>\n\n\n\n<p>Detta \u00e4r vad det inneb\u00e4r att leva i skuggan av hat. Det g\u00f6r en vanlig promenad till en skr\u00e4mmande utmaning. Det g\u00f6r att vanliga grupper av m\u00e4nniskor ser ut som en fara. Det stj\u00e4l frid.<\/p>\n\n\n\n<p>AfI st\u00f6der varje offer f\u00f6r hat. Vi g\u00f6r deras r\u00f6ster h\u00f6gre, k\u00e4mpar f\u00f6r deras r\u00e4ttigheter och kr\u00e4ver att de som g\u00f6r detta h\u00e5lls ansvariga. Vi f\u00e5r inte l\u00e5ta dessa handlingar bli normala. Vi f\u00e5r inte l\u00e5ta v\u00e5rt samh\u00e4lle bli en plats d\u00e4r invandrare lever i r\u00e4dsla.<\/p>\n\n\n\n<div style=\"height:20px\" aria-hidden=\"true\" class=\"wp-block-spacer\"><\/div>\n\n\n\n\n\n<\/p>\n\n\n\n<figure class=\"wp-block-embed aligncenter is-type-video is-provider-youtube wp-block-embed-youtube wp-embed-aspect-16-9 wp-has-aspect-ratio\"><div class=\"wp-block-embed__wrapper\">\n<iframe loading=\"lazy\" title=\"\u2696\ufe0f Aktivklubb Hatbrott: Offrets Ber\u00e4ttelse \u270a\" width=\"1080\" height=\"608\" src=\"https:\/\/www.youtube.com\/embed\/abIrOWB7-dY?feature=oembed\"  allow=\"accelerometer; autoplay; clipboard-write; encrypted-media; gyroscope; picture-in-picture; web-share\" referrerpolicy=\"strict-origin-when-cross-origin\" allowfullscreen><\/iframe>\n<\/div><\/figure>\n\n\n<p>","protected":false},"excerpt":{"rendered":"<p>On August 27th, a quiet walk in central Stockholm became a nightmare for one man. He is 42 years old, and he was attacked just because he looked &#8220;foreign&#8221;. As we detailed in our previous article, All You Need to Know About the Aktivklubb Attack in Stockholm, this was a planned hate crime by the [&hellip;]<\/p>\n","protected":false},"author":1,"featured_media":1689,"comment_status":"open","ping_status":"open","sticky":false,"template":"","format":"standard","meta":{"_et_pb_use_builder":"off","_et_pb_old_content":"","_et_gb_content_width":"","footnotes":""},"categories":[5],"tags":[],"class_list":["post-1691","post","type-post","status-publish","format-standard","has-post-thumbnail","hentry","category-press-release"],"_links":{"self":[{"href":"https:\/\/alternativeforimmigrants.org\/sv\/wp-json\/wp\/v2\/posts\/1691","targetHints":{"allow":["GET"]}}],"collection":[{"href":"https:\/\/alternativeforimmigrants.org\/sv\/wp-json\/wp\/v2\/posts"}],"about":[{"href":"https:\/\/alternativeforimmigrants.org\/sv\/wp-json\/wp\/v2\/types\/post"}],"author":[{"embeddable":true,"href":"https:\/\/alternativeforimmigrants.org\/sv\/wp-json\/wp\/v2\/users\/1"}],"replies":[{"embeddable":true,"href":"https:\/\/alternativeforimmigrants.org\/sv\/wp-json\/wp\/v2\/comments?post=1691"}],"version-history":[{"count":6,"href":"https:\/\/alternativeforimmigrants.org\/sv\/wp-json\/wp\/v2\/posts\/1691\/revisions"}],"predecessor-version":[{"id":2146,"href":"https:\/\/alternativeforimmigrants.org\/sv\/wp-json\/wp\/v2\/posts\/1691\/revisions\/2146"}],"wp:featuredmedia":[{"embeddable":true,"href":"https:\/\/alternativeforimmigrants.org\/sv\/wp-json\/wp\/v2\/media\/1689"}],"wp:attachment":[{"href":"https:\/\/alternativeforimmigrants.org\/sv\/wp-json\/wp\/v2\/media?parent=1691"}],"wp:term":[{"taxonomy":"category","embeddable":true,"href":"https:\/\/alternativeforimmigrants.org\/sv\/wp-json\/wp\/v2\/categories?post=1691"},{"taxonomy":"post_tag","embeddable":true,"href":"https:\/\/alternativeforimmigrants.org\/sv\/wp-json\/wp\/v2\/tags?post=1691"}],"curies":[{"name":"wp","href":"https:\/\/api.w.org\/{rel}","templated":true}]}}