{"id":1704,"date":"2025-11-28T15:59:05","date_gmt":"2025-11-28T14:59:05","guid":{"rendered":"https:\/\/alternativeforimmigrants.org\/?p=1704"},"modified":"2026-04-05T13:54:56","modified_gmt":"2026-04-05T11:54:56","slug":"un-roasts-humiliates-and-utterly-disgraces-the-racist-swedish-government-in-geneva","status":"publish","type":"post","link":"https:\/\/alternativeforimmigrants.org\/sv\/un-roasts-humiliates-and-utterly-disgraces-the-racist-swedish-government-in-geneva\/","title":{"rendered":"FN Grillar, F\u00f6rnedrar och Fullst\u00e4ndigt Van\u00e4rar den Rasistiska Svenska Regeringen i Gen\u00e8ve"},"content":{"rendered":"<p>Maskerna slits av. L\u00f6gnerna avsl\u00f6jas. Efter tv\u00e5 dagars brutal, r\u00e4ttsmedicinsk korsf\u00f6rh\u00f6r i Gen\u00e8ve blev Sveriges h\u00f6gerextrema koalitionsregering, ledd av deras f\u00f6raktliga statssekreterare Katarina Lundahl, inte bara granskad, de blev grillade, f\u00f6rnedrade och fullst\u00e4ndigt van\u00e4rade av <a href=\"https:\/\/www.ohchr.org\/en\/treaty-bodies\/cerd\" target=\"_blank\" rel=\"noreferrer noopener\">FN:s kommitt\u00e9 f\u00f6r avskaffande av rasdiskriminering (CERD)<\/a>.<\/p>\n\n\n\n<p>Vi, Alternative for Immigrants (AfI), sl\u00e5r fast: detta \u00e4r slutet p\u00e5 Sveriges sj\u00e4lvutn\u00e4mnda moraliska \u00f6verl\u00e4gsenhet. V\u00e5r svenska regering, fylld av rasistiska svin och fegisar, st\u00e5r nu f\u00f6rd\u00f6md p\u00e5 v\u00e4rldsscenen f\u00f6r sin systematiska f\u00f6rf\u00f6ljelse av invandrare och minoriteter.<\/p>\n\n\n\n<h3 class=\"wp-block-heading\">FN:s Dom: En Regering med H\u00f6gerextrem Politik<\/h3>\n\n\n\n<p>Den mest f\u00f6rd\u00f6mande anklagelsen kom direkt fr\u00e5n en FN-expert, som fr\u00e5gade den svenska regeringsdelegationen \u201chur Sverige hade kommit att ansluta sig till de l\u00e4nder som har en h\u00f6gerextrem politik om rasdiskriminering\u201d.<\/p>\n\n\n\n<p>Detta \u00e4r inte en teknisk kritik; det \u00e4r en djupg\u00e5ende internationell offentlig skam som direkt utmanar landets sj\u00e4lvbild som en humanit\u00e4r ledare och bekr\u00e4ftar p\u00e5st\u00e5endena om att rasistisk retorik har blivit \u201cnormaliserad\u201d och \u201cinstitutionaliserad\u201d i Sverige.<\/p>\n\n\n\n<p>L\u00e5t skammen i den fr\u00e5gan ljuda \u00f6ver varje kommun och varje k\u00f6ksbord i Sverige. FN, den yttersta globala myndigheten f\u00f6r m\u00e4nskliga r\u00e4ttigheter, har st\u00e4mplat den nuvarande svenska regimen f\u00f6r vad vi redan visste att den var: en skam som styr en en g\u00e5ng stolt nation mot fascism.<\/p>\n\n\n\n<p>Huvudbudskapet \u00e4r att CERD v\u00e4grade l\u00e5ta sig vilseledas av den svenska regeringens p\u00e5st\u00e5enden om en \u201c\u00f6vergripande situation\u2026 relativt god\u201d. I st\u00e4llet bekr\u00e4ftade de att Sverige st\u00e5r inf\u00f6r systemiska problem, drivna av fr\u00e4mlingsfientlighet, och uppmanade den svenska regeringen att \u201cta itu med det ondas rot\u201d.<\/p>\n\n\n\n<h3 class=\"wp-block-heading\">FN:s Makt: CERD:s Mandat Upph\u00e4ver H\u00f6gsta Domstolar<\/h3>\n\n\n\n<p>Till alla politiker eller individer som tror att CERD:s resultat bara \u00e4r ett f\u00f6rslag, se till v\u00e5r granne Norge.<\/p>\n\n\n\n<p>CERD har makten att upph\u00e4va nationella h\u00f6gsta domstolars domar. \u00c5r 2005 tog den judiska f\u00f6rsamlingen i Oslo ett fall till CERD efter att den norska H\u00f6gsta domstolen friat det smutsiga nazisvinet Terje Sj\u00f8lie, som prisade Adolf Hitler och kr\u00e4vde ett Norge byggt p\u00e5 nationalsocialism, med h\u00e4nvisning till \u201cyttrandefrihet\u201d.<\/p>\n\n\n\n<p>CERD ingrep, upph\u00e4vde den norska H\u00f6gsta domstolens dom och fann Norge skyldigt till BROTT mot internationell lag. Detta monumentala beslut bekr\u00e4ftade att fr\u00e4mjande av rasistiskt hat inte \u00e4r skyddat tal och tvingade den norska staten att drastiskt f\u00f6r\u00e4ndra sitt r\u00e4ttsliga landskap.<\/p>\n\n\n\n<p>Detta prejudikat tj\u00e4nar som en brutal varning till den svenska regeringen: CERD:s krav \u00e4r inte f\u00f6rhandlingsbara rekommendationer. De \u00e4r juridiskt bindande skyldigheter, och varje f\u00f6rs\u00f6k att anv\u00e4nda inhemsk struntlag eller det rasistiska Tid\u00f6avtalet f\u00f6r att r\u00e4ttf\u00e4rdiga diskriminering kommer att sl\u00e5s ner.<\/p>\n\n\n\n<h3 class=\"wp-block-heading\">En Delegation av Fegisar F\u00f6rsvarar L\u00f6gner<\/h3>\n\n\n\n<p>Vem skickade den svenska regeringen f\u00f6r att f\u00f6rsvara sin rasistiska agenda? En samling byr\u00e5krater, ledda av en politisk utn\u00e4mnd, som tvingades st\u00e5 d\u00e4r och f\u00f6rsvara det of\u00f6rsvarbara:<\/p>\n\n\n\n<ol class=\"wp-block-list\">\n<li>Straffrihet f\u00f6r hatbrott: Den svenska delegationen, inklusive representanter fr\u00e5n Polismyndigheten och Brottsf\u00f6rebyggande r\u00e5det, tvingades bekr\u00e4fta den avskyv\u00e4rda sanningen: uppklaringsgraden f\u00f6r rapporterade hatbrott under 2024 \u00e4r en patetisk 7%. Detta \u00e4r inte inkompetens; detta \u00e4r institutionell likgiltighet. Staten har gett rasistiska ligister licens att terrorisera muslimer, judar, afro-svenskar och samer, med vetskapen om att chansen att gripas \u00e4r praktiskt taget noll.<\/li>\n\n\n\n<li>Rasprofileringssveket: FN-experterna slet s\u00f6nder de s\u00e5 kallade Tid\u00f6avtalets lagar och betonade deras anv\u00e4ndning f\u00f6r rasprofilering i icke-vita samh\u00e4llen. Den svenska regeringens f\u00f6rsvar av \u201cvisitationszoner\u201d \u00e4r inget annat \u00e4n tunnt besl\u00f6jad statssanktionerad trakasseri, en politik f\u00f6r att behandla alla som ser annorlunda ut som kriminella.<\/li>\n\n\n\n<li>Islamofobimisslyckande: Den svenska delegationen pressades direkt om bristen p\u00e5 effektiv implementering av strategin f\u00f6r att bek\u00e4mpa islamofobi och tvingades erk\u00e4nna att diskriminering mot muslimer \u00e4r ett \u201cproblem\u201d i Sverige. Detta bevisar att de inte har n\u00e5gon verklig plan, bara tomma ord f\u00f6r att d\u00f6lja den fientliga anti-muslimska retoriken fr\u00e5n sina rasistiska Tid\u00f6-koalitionspartner.<\/li>\n\n\n\n<li>Kriget mot samerna: CERD fokuserade tungt p\u00e5 m\u00e5linriktad slakt av renar, direkta brott mot det samiska folket, och kr\u00e4vde en f\u00f6rklaring till varf\u00f6r ursprungsbefolkningen k\u00e4nner att de inte kan anm\u00e4la brott till polisen. Den svenska regeringens misslyckande med att skydda samernas markr\u00e4ttigheter och kultur \u00e4r en nationell skam som nu har exponerats internationellt.<\/li>\n\n\n\n<li>Kriget mot invandrare: Den svenska delegationen tvingades bekr\u00e4fta sin plan att inf\u00f6ra en totalit\u00e4r \u00f6vervakningsstat genom att tvinga statsanst\u00e4llda att obligatoriskt anm\u00e4la pappersl\u00f6sa individer, rycka bort deras tillg\u00e5ng till tj\u00e4nster som sjukv\u00e5rd och skola, och l\u00e5sa ute dem fr\u00e5n medborgarskap i \u00e5tta pl\u00e5gsamma \u00e5r. Detta \u00e4r den grymma, fr\u00e4mlingsfientliga strategin hos en regering som utnyttjar utsatta m\u00e4nniskor f\u00f6r politisk vinning.<\/li>\n<\/ol>\n\n\n\n<h3 class=\"wp-block-heading\">Vi Hyllar V\u00e5ra F\u00f6rsvarare, Vi F\u00f6rd\u00f6mer V\u00e5ra F\u00f6rr\u00e4dare<\/h3>\n\n\n\n<p>Vi uttrycker v\u00e5r djupaste tacksamhet till <a href=\"https:\/\/crd.org\" target=\"_blank\" rel=\"noreferrer noopener\">Civil Rights Defenders (CRD)<\/a>. Deras skuggrapport var den brutala sanningen som rev ner den svenska regeringens mur av l\u00f6gner. Deras mod \u00e4r anledningen till att denna svenska regering blev offentligt dragen i smutsen i Gen\u00e8ve.<\/p>\n\n\n\n<p>Sanningen \u00e4r enkel: den nuvarande svenska regeringen, driven av den rasistiska gallan fr\u00e5n Sverigedemokraterna, \u00e4r inte l\u00e4mplig att styra. De har bytt internationellt anseende mot h\u00f6gerextrema r\u00f6ster och har inte \u00e5stadkommit n\u00e5got annat \u00e4n skam \u00f6ver v\u00e5rt land.<\/p>\n\n\n\n<p>AfI \u00e4r den enda politiska kraften dedikerad till att omedelbart implementera FN:s krav. Den 5 december, n\u00e4r CERD levererar sina slutliga, f\u00f6rd\u00f6mande avslutande observationer, kommer vi att anv\u00e4nda det mandatet f\u00f6r att k\u00e4mpa f\u00f6r ett Sverige d\u00e4r rasistiska politiker utvisas fr\u00e5n makten och r\u00e4ttigheterna f\u00f6r varje inv\u00e5nare, medborgare eller icke-medborgare, skyddas fr\u00e5n denna tr\u00e5ngsynta regim.<\/p>\n\n\n\n<p>Den svenska regeringens skam \u00e4r total. Nu \u00e4r det dags f\u00f6r deras fall.<\/p>\n\n\n\n<div style=\"height:20px\" aria-hidden=\"true\" class=\"wp-block-spacer\"><\/div>\n\n\n\n\n\n<\/p>\n\n\n\n<figure class=\"wp-block-embed aligncenter is-type-video is-provider-youtube wp-block-embed-youtube wp-embed-aspect-16-9 wp-has-aspect-ratio\"><div class=\"wp-block-embed__wrapper\">\n<iframe loading=\"lazy\" title=\"\ud83d\udcc9 FN Grillar, F\u00f6rnedrar och Fullst\u00e4ndigt Van\u00e4rar den Rasistiska Svenska Regeringen i Gen\u00e8ve \ud83d\uddd1\ufe0f\" width=\"1080\" height=\"608\" src=\"https:\/\/www.youtube.com\/embed\/68dwxnHBAmw?feature=oembed\"  allow=\"accelerometer; autoplay; clipboard-write; encrypted-media; gyroscope; picture-in-picture; web-share\" referrerpolicy=\"strict-origin-when-cross-origin\" allowfullscreen><\/iframe>\n<\/div><\/figure>\n\n\n<p>","protected":false},"excerpt":{"rendered":"<p>The masks are ripped off. The lies are exposed. After two days of brutal, forensic cross-examination in Geneva, the far-right coalition government of Sweden, led by their contemptible state secretary, Katarina Lundahl, was not merely reviewed; they were roasted, humiliated, and utterly disgraced by the UN Committee on the Elimination of Racial Discrimination (CERD). We, [&hellip;]<\/p>\n","protected":false},"author":1,"featured_media":1702,"comment_status":"open","ping_status":"open","sticky":false,"template":"","format":"standard","meta":{"_et_pb_use_builder":"off","_et_pb_old_content":"","_et_gb_content_width":"","footnotes":""},"categories":[5],"tags":[],"class_list":["post-1704","post","type-post","status-publish","format-standard","has-post-thumbnail","hentry","category-press-release"],"_links":{"self":[{"href":"https:\/\/alternativeforimmigrants.org\/sv\/wp-json\/wp\/v2\/posts\/1704","targetHints":{"allow":["GET"]}}],"collection":[{"href":"https:\/\/alternativeforimmigrants.org\/sv\/wp-json\/wp\/v2\/posts"}],"about":[{"href":"https:\/\/alternativeforimmigrants.org\/sv\/wp-json\/wp\/v2\/types\/post"}],"author":[{"embeddable":true,"href":"https:\/\/alternativeforimmigrants.org\/sv\/wp-json\/wp\/v2\/users\/1"}],"replies":[{"embeddable":true,"href":"https:\/\/alternativeforimmigrants.org\/sv\/wp-json\/wp\/v2\/comments?post=1704"}],"version-history":[{"count":7,"href":"https:\/\/alternativeforimmigrants.org\/sv\/wp-json\/wp\/v2\/posts\/1704\/revisions"}],"predecessor-version":[{"id":2145,"href":"https:\/\/alternativeforimmigrants.org\/sv\/wp-json\/wp\/v2\/posts\/1704\/revisions\/2145"}],"wp:featuredmedia":[{"embeddable":true,"href":"https:\/\/alternativeforimmigrants.org\/sv\/wp-json\/wp\/v2\/media\/1702"}],"wp:attachment":[{"href":"https:\/\/alternativeforimmigrants.org\/sv\/wp-json\/wp\/v2\/media?parent=1704"}],"wp:term":[{"taxonomy":"category","embeddable":true,"href":"https:\/\/alternativeforimmigrants.org\/sv\/wp-json\/wp\/v2\/categories?post=1704"},{"taxonomy":"post_tag","embeddable":true,"href":"https:\/\/alternativeforimmigrants.org\/sv\/wp-json\/wp\/v2\/tags?post=1704"}],"curies":[{"name":"wp","href":"https:\/\/api.w.org\/{rel}","templated":true}]}}