{"id":1716,"date":"2025-12-05T09:27:37","date_gmt":"2025-12-05T08:27:37","guid":{"rendered":"https:\/\/alternativeforimmigrants.org\/?p=1716"},"modified":"2026-04-04T13:22:16","modified_gmt":"2026-04-04T11:22:16","slug":"they-lied-immigration-is-the-engine-of-national-prosperity","status":"publish","type":"post","link":"https:\/\/alternativeforimmigrants.org\/sv\/they-lied-immigration-is-the-engine-of-national-prosperity\/","title":{"rendered":"De Lj\u00f6g! Invandring \u00e4r Motorn f\u00f6r Nationellt V\u00e4lst\u00e5nd"},"content":{"rendered":"<p>Inf\u00f6r riksdagsvalet 2026 och EU-valet 2029 h\u00e4nger en avg\u00f6rande fr\u00e5ga i luften: Vad \u00e4r det som egentligen driver v\u00e5rt lands v\u00e4lst\u00e5nd? Alternative for Immigrants (AfI) sl\u00e4pper idag \u00f6vertygande data som visar att invandring inte \u00e4r en b\u00f6rda, utan en kraftfull motor f\u00f6r ekonomisk tillv\u00e4xt. Det \u00e4r v\u00e4gen till ett starkare och mer dynamiskt Sverige.<\/p>\n\n\n\n<p>Alltf\u00f6r l\u00e4nge har debatten om invandring pr\u00e4glats av felaktig information och r\u00e4dsla. Men n\u00e4r vi tittar p\u00e5 de h\u00e5rda ekonomiska fakta som finns, framtr\u00e4der en annan bild: en bild d\u00e4r v\u00e4lkomnande politik leder direkt till ett framg\u00e5ngsrikt land.<\/p>\n\n\n\n<h3 class=\"wp-block-heading\">Bevisen \u00e4r Tydliga: V\u00e4lj Tillv\u00e4xt, inte Stagnation<\/h3>\n\n\n\n<p>AfI har analyserat den reala ekonomiska tillv\u00e4xten (real BNP, justerat f\u00f6r inflation) under de senaste tv\u00e5 decennierna (2004\u20132024). Vi har j\u00e4mf\u00f6rt Sverige och andra l\u00e4nder med en \u00f6ppen invandringspolitik mot l\u00e4nder som Japan, som har haft en restriktiv h\u00e5llning. Resultaten g\u00e5r inte att blunda f\u00f6r:<\/p>\n\n\n\n<figure class=\"wp-block-image aligncenter size-large\"><img loading=\"lazy\" decoding=\"async\" width=\"1024\" height=\"768\" src=\"https:\/\/alternativeforimmigrants.org\/wp-content\/uploads\/2025\/12\/Swedish-GDP-constant-2015-US-2004-2024.webp\" alt=\"\" class=\"wp-image-1714\" srcset=\"https:\/\/alternativeforimmigrants.org\/wp-content\/uploads\/2025\/12\/Swedish-GDP-constant-2015-US-2004-2024.webp 1200w, https:\/\/alternativeforimmigrants.org\/wp-content\/uploads\/2025\/12\/Swedish-GDP-constant-2015-US-2004-2024-980x735.webp 980w, https:\/\/alternativeforimmigrants.org\/wp-content\/uploads\/2025\/12\/Swedish-GDP-constant-2015-US-2004-2024-480x360.webp 480w\" sizes=\"(min-width: 0px) and (max-width: 480px) 480px, (min-width: 481px) and (max-width: 980px) 980px, (min-width: 981px) 1024px, 100vw\" \/><\/figure>\n\n\n\n<ul class=\"wp-block-list\">\n<li>L\u00e4nder med en \u00f6ppen invandringspolitik (gr\u00f6na staplar) s\u00e5g en enorm ekonomisk expansion:<ul><li>Australiens ekonomi v\u00e4xte med otroliga 67.9%<\/li><\/ul><ul><li>Sveriges ekonomi expanderade med robusta 43.1%<\/li><\/ul><ul><li>Kanadas ekonomi \u00f6kade starkt med 43.0%<\/li><\/ul>\n<ul class=\"wp-block-list\">\n<li>Norges ekonomi v\u00e4xte med stabila 34.1%<\/li>\n<\/ul>\n<\/li>\n\n\n\n<li>Men i Japan, med sin \u00f6k\u00e4nt restriktiva invandringspolitik (r\u00f6d stapel), \u00f6kade den reala tillv\u00e4xten med knappt m\u00e4rkbara 11.1%.<\/li>\n<\/ul>\n\n\n\n<p>Denna sl\u00e5ende skillnad \u00e4r ingen slump. Det \u00e4r bevis p\u00e5 en grundl\u00e4ggande ekonomisk sanning: Nyanl\u00e4nda f\u00f6r med sig nya id\u00e9er, nya kunskaper, nya f\u00f6retag och nya konsumenter. De fyller bristen p\u00e5 arbetskraft, bidrar till v\u00e5ra skatteint\u00e4kter och ger livskraft \u00e5t v\u00e5ra samh\u00e4llen. De \u00e4r helt avg\u00f6rande f\u00f6r ett v\u00e4xande samh\u00e4lle med en \u00e5ldrande befolkning, som Sverige.<\/p>\n\n\n\n<h3 class=\"wp-block-heading\">Sveriges Val: Omfamna Framtiden Eller Halka Efter<\/h3>\n\n\n\n<p>Precis som Australien, Kanada och Norge har Sverige gynnats enormt av sin relativt \u00f6ppna inst\u00e4llning till invandring. V\u00e5ra invandrare \u00e4r l\u00e4kare, ingenj\u00f6rer, entrepren\u00f6rer och v\u00e5rdpersonal. De \u00e4r studenter som kommer att bidra till v\u00e5r framtid och familjer som st\u00e4rker v\u00e5r samh\u00e4llsgemenskap. De \u00e4r avg\u00f6rande f\u00f6r att uppr\u00e4tth\u00e5lla v\u00e5r v\u00e4lf\u00e4rdsmodell och h\u00e5lla v\u00e5r ekonomi konkurrenskraftig globalt.<\/p>\n\n\n\n<p>Den v\u00e4g som Japan har valt, d\u00e4r man brottas med en krympande arbetsstyrka och stagnerande efterfr\u00e5gan, \u00e4r en tydlig varningsklocka. N\u00e4r v\u00e5r befolkning blir \u00e4ldre har vi inte r\u00e5d att st\u00e4nga d\u00f6rren f\u00f6r den talang och dynamik som invandrare f\u00f6r med sig. Att g\u00f6ra det vore att aktivt v\u00e4lja ekonomisk nedg\u00e5ng.<\/p>\n\n\n\n<h3 class=\"wp-block-heading\">AfI:s Vision f\u00f6r ett V\u00e4lm\u00e5ende Sverige<\/h3>\n\n\n\n<p>AfI arbetar f\u00f6r att skydda och fr\u00e4mja invandrares r\u00e4ttigheter och v\u00e4lbefinnande. V\u00e5r vision \u00e4r ett Sverige d\u00e4r invandrare \u00e4r fullt integrerade, respekterade och har makt \u00f6ver sina egna liv. Detta \u00e4r inte bara ett socialt ideal; det \u00e4r en ekonomisk n\u00f6dv\u00e4ndighet.<\/p>\n\n\n\n<p>V\u00e5ra strategier f\u00f6r juridisk r\u00e5dgivning, opinionsbildning och kampen mot diskriminering \u00e4r utformade f\u00f6r att s\u00e4kerst\u00e4lla att invandrare kan integreras framg\u00e5ngsrikt och maximera sin enorma potential att bidra till Sveriges ekonomi.<\/p>\n\n\n\n<p>N\u00e4r vi nu blickar fram\u00e5t mot valen 2026 och 2029, uppmanar AfI alla svenskar att titta p\u00e5 de tydliga ekonomiska bevisen. L\u00e5t oss se bortom f\u00f6rdomar och omfamna en framtid d\u00e4r en v\u00e4lkomnande invandringspolitik forts\u00e4tter att vara motorn f\u00f6r nationellt v\u00e4lst\u00e5nd f\u00f6r oss alla.<\/p>\n\n\n\n<p>G\u00e5 med i AfI och bygg ett starkare, mer v\u00e4lm\u00e5ende Sverige, d\u00e4r varje individ, oavsett ursprung, har m\u00f6jligheten att blomstra.<\/p>\n\n\n\n<div style=\"height:20px\" aria-hidden=\"true\" class=\"wp-block-spacer\"><\/div>\n\n\n\n\n\n<\/p>\n\n\n\n<figure class=\"wp-block-embed aligncenter is-type-video is-provider-youtube wp-block-embed-youtube wp-embed-aspect-16-9 wp-has-aspect-ratio\"><div class=\"wp-block-embed__wrapper\">\n<iframe loading=\"lazy\" title=\"\ud83d\uded1 De Lj\u00f6g! Invandring \u00e4r Motorn f\u00f6r Nationellt V\u00e4lst\u00e5nd \ud83d\udcb0\" width=\"1080\" height=\"608\" src=\"https:\/\/www.youtube.com\/embed\/jFG7Gv_0QFc?feature=oembed\"  allow=\"accelerometer; autoplay; clipboard-write; encrypted-media; gyroscope; picture-in-picture; web-share\" referrerpolicy=\"strict-origin-when-cross-origin\" allowfullscreen><\/iframe>\n<\/div><\/figure>\n\n\n<p>","protected":false},"excerpt":{"rendered":"<p>As Sweden prepares for the 2026 general election and looks ahead to the 2029 EU election, a crucial question hangs in the air: What truly drives our national prosperity? Alternative for Immigrants (AfI) today releases compelling data showing that immigration is not a burden, but a powerful engine for economic growth, offering a clear path [&hellip;]<\/p>\n","protected":false},"author":1,"featured_media":1712,"comment_status":"open","ping_status":"open","sticky":false,"template":"","format":"standard","meta":{"_et_pb_use_builder":"off","_et_pb_old_content":"","_et_gb_content_width":"","footnotes":""},"categories":[5],"tags":[],"class_list":["post-1716","post","type-post","status-publish","format-standard","has-post-thumbnail","hentry","category-press-release"],"_links":{"self":[{"href":"https:\/\/alternativeforimmigrants.org\/sv\/wp-json\/wp\/v2\/posts\/1716","targetHints":{"allow":["GET"]}}],"collection":[{"href":"https:\/\/alternativeforimmigrants.org\/sv\/wp-json\/wp\/v2\/posts"}],"about":[{"href":"https:\/\/alternativeforimmigrants.org\/sv\/wp-json\/wp\/v2\/types\/post"}],"author":[{"embeddable":true,"href":"https:\/\/alternativeforimmigrants.org\/sv\/wp-json\/wp\/v2\/users\/1"}],"replies":[{"embeddable":true,"href":"https:\/\/alternativeforimmigrants.org\/sv\/wp-json\/wp\/v2\/comments?post=1716"}],"version-history":[{"count":4,"href":"https:\/\/alternativeforimmigrants.org\/sv\/wp-json\/wp\/v2\/posts\/1716\/revisions"}],"predecessor-version":[{"id":2144,"href":"https:\/\/alternativeforimmigrants.org\/sv\/wp-json\/wp\/v2\/posts\/1716\/revisions\/2144"}],"wp:featuredmedia":[{"embeddable":true,"href":"https:\/\/alternativeforimmigrants.org\/sv\/wp-json\/wp\/v2\/media\/1712"}],"wp:attachment":[{"href":"https:\/\/alternativeforimmigrants.org\/sv\/wp-json\/wp\/v2\/media?parent=1716"}],"wp:term":[{"taxonomy":"category","embeddable":true,"href":"https:\/\/alternativeforimmigrants.org\/sv\/wp-json\/wp\/v2\/categories?post=1716"},{"taxonomy":"post_tag","embeddable":true,"href":"https:\/\/alternativeforimmigrants.org\/sv\/wp-json\/wp\/v2\/tags?post=1716"}],"curies":[{"name":"wp","href":"https:\/\/api.w.org\/{rel}","templated":true}]}}