{"id":1726,"date":"2025-12-17T23:00:56","date_gmt":"2025-12-17T22:00:56","guid":{"rendered":"https:\/\/alternativeforimmigrants.org\/?p=1726"},"modified":"2026-04-04T13:20:25","modified_gmt":"2026-04-04T11:20:25","slug":"sweden-democrats-boycotted-hear-the-iraqi-swedish-genius-they-cant-stand","status":"publish","type":"post","link":"https:\/\/alternativeforimmigrants.org\/sv\/sweden-democrats-boycotted-hear-the-iraqi-swedish-genius-they-cant-stand\/","title":{"rendered":"Sverigedemokraterna Bojkottade: H\u00f6r det Irakisk-Svenska Geniet de inte Klarar Av"},"content":{"rendered":"<p>Alternative for Immigrants (AfI) gratulerar den 19-\u00e5rige forskaren Dani Zuhair till hans historiska framg\u00e5ng och inflytelserika tal vid <a href=\"https:\/\/ungaforskare.se\/siyss\" target=\"_blank\" rel=\"noreferrer noopener\">Stockholm International Youth Science Seminar (SIYSS)<\/a> under Nobelveckan 2025. Dani, en ung irakisk-svensk forskare, \u00e4r den f\u00f6rsta svensken i historien att vinna den prestigefyllda t\u00e4vlingen <a href=\"https:\/\/www.eucys2025.eu\" target=\"_blank\" rel=\"noreferrer noopener\">European Union Contest for Young Scientists (EUCYS)<\/a>.<\/p>\n\n\n\n<p>Hans n\u00e4rvaro som talare p\u00e5 Nobelbanketten, en hyllning till kunskap och internationellt samarbete, stod i skarp kontrast till fr\u00e5nvaron av Sverigedemokraterna, som offentligt tackade nej till inbjudan.<\/p>\n\n\n\n<p>Dani Zuhairs seger \u00e4r inte bara en personlig framg\u00e5ng; det \u00e4r en seger f\u00f6r det svenska samh\u00e4llet och ett levande bevis p\u00e5 kraften i integration och \u00f6ppna m\u00f6jligheter. Medan Sverigedemokraterna avvisar just det bord d\u00e4r Sveriges skarpaste hj\u00e4rnor hyllas, ser AfI att unga m\u00e4nniskor som Dani \u00e4r den avg\u00f6rande kraften f\u00f6r landets framtid inom vetenskap, teknik och innovation.<\/p>\n\n\n\n<h3 class=\"wp-block-heading\">Kontrasten: Bidrag kontra Avvisande<\/h3>\n\n\n\n<p>Dani Zuhairs forskning om skyrmioner vid <a href=\"https:\/\/www.kth.se\" target=\"_blank\" rel=\"noreferrer noopener\">KTH Kungliga Tekniska H\u00f6gskolan<\/a> \u00e4r avg\u00f6rande f\u00f6r att utveckla n\u00e4sta generations energieffektiva datorer. Hans historia om nyfikenhet, med st\u00f6d fr\u00e5n hans familj och det svenska skolsystemet, f\u00f6rkroppsligar AfI:s vision om ett starkt, integrerat Sverige.<\/p>\n\n\n\n<p>Sverigedemokraternas v\u00e4gran att n\u00e4rvara, tillsammans med deras uttalade f\u00f6rakt och respektl\u00f6shet f\u00f6r Nobeltraditionen, \u00e4r ett tydligt val att ignorera bidragen fr\u00e5n ett dynamiskt och m\u00e5ngfaldigt svenskt samh\u00e4lle.<\/p>\n\n\n\n<p>N\u00e4r Sverigedemokraterna avvisar Nobelbanketten, avvisar de i sj\u00e4lva verket de v\u00e4rderingar om globalt samarbete och m\u00e4nsklig j\u00e4mlikhet som Dani Zuhair representerar. De missade chansen att h\u00f6ra ett budskap om hopp och nyfikenhet som borde inspirera varje svenskt barn, oavsett bakgrund.<\/p>\n\n\n\n<h3 class=\"wp-block-heading\">AfI:s Uppmaning till Handling<\/h3>\n\n\n\n<p>Tid\u00f6partiernas nuvarande politik, influerad av h\u00f6gerextrema krafter, skapar en giftig milj\u00f6 som riskerar att driva talangfulla familjer att l\u00e4mna Sverige, vilket resulterar i \u201cbrain drain\u201d och en f\u00f6r\u00f6dande f\u00f6rlust av m\u00e4nskligt kapital.<\/p>\n\n\n\n<p>AfI uppmanar alla svenska medborgare att \u00f6verv\u00e4ga kostnaden f\u00f6r denna politiska retorik. Vi m\u00e5ste fr\u00e5ga oss: Hur m\u00e5nga framtida Nobeltalare f\u00f6rlorar vi p\u00e5 grund av en politik som prioriterar utanf\u00f6rskap framf\u00f6r excellens? AfI st\u00e4ller upp i Riksdagsvalet 2026 och EU-valet 2029 f\u00f6r att s\u00e4kerst\u00e4lla att Sverige f\u00f6rblir ett land d\u00e4r varje individ, oavsett ursprung, har m\u00f6jlighet att lyckas och bidra p\u00e5 h\u00f6gsta niv\u00e5. Vi st\u00e5r f\u00f6r Dani Zuhairs Sverige, ett Sverige som hyllar talang, m\u00e5ngfald och en \u00f6ppen framtid.<\/p>\n\n\n\n<div style=\"height:20px\" aria-hidden=\"true\" class=\"wp-block-spacer\"><\/div>\n\n\n\n\n\n<\/p>\n\n\n\n<figure class=\"wp-block-embed aligncenter is-type-video is-provider-youtube wp-block-embed-youtube wp-embed-aspect-16-9 wp-has-aspect-ratio\"><div class=\"wp-block-embed__wrapper\">\n<iframe loading=\"lazy\" title=\"\ud83e\udd47 Sverigedemokraterna Bojkottade: H\u00f6r det Irakisk-Svenska Geniet de inte Klarar Av \ud83d\udeab\" width=\"1080\" height=\"608\" src=\"https:\/\/www.youtube.com\/embed\/_leqc9QKY2Q?feature=oembed\"  allow=\"accelerometer; autoplay; clipboard-write; encrypted-media; gyroscope; picture-in-picture; web-share\" referrerpolicy=\"strict-origin-when-cross-origin\" allowfullscreen><\/iframe>\n<\/div><\/figure>\n\n\n<p>","protected":false},"excerpt":{"rendered":"<p>Alternative for Immigrants (AfI) congratulates 19-year-old scientist Dani Zuhair on his historic achievement and influential speech at the Stockholm International Youth Science Seminar (SIYSS) during Nobel Week 2025. Dani, a young Iraqi-Swedish scientist, is the first Swede in history to win the prestigious European Union Contest for Young Scientists (EUCYS). His presence as a speaker [&hellip;]<\/p>\n","protected":false},"author":1,"featured_media":1729,"comment_status":"open","ping_status":"open","sticky":false,"template":"","format":"standard","meta":{"_et_pb_use_builder":"off","_et_pb_old_content":"<!-- wp:paragraph -->\n<p>Alternative for Immigrants (AfI) congratulates 19-year-old scientist Dani Zuhair on his historic achievement and influential speech at the <a href=\"https:\/\/ungaforskare.se\/siyss\" target=\"_blank\" rel=\"noreferrer noopener\">Stockholm International Youth Science Seminar (SIYSS)<\/a> during Nobel Week 2025. Dani, a young Iraqi-Swedish scientist, is the first Swede in history to win the prestigious <a href=\"https:\/\/www.eucys2025.eu\" target=\"_blank\" rel=\"noreferrer noopener\">European Union Contest for Young Scientists (EUCYS)<\/a>.<\/p>\n<!-- \/wp:paragraph -->\n\n<!-- wp:paragraph -->\n<p>His presence as a speaker at the Nobel Banquet, a celebration of knowledge and international cooperation, stood in stark contrast to the absence of the Sweden Democrats, who publicly rejected the invitation.<\/p>\n<!-- \/wp:paragraph -->\n\n<!-- wp:paragraph -->\n<p>Dani Zuhair\u2019s victory is not just a personal success; it is a victory for Swedish society and a living testament to the power of integration and open opportunity. While the Sweden Democrats reject the very table where Sweden\u2019s brightest minds are celebrated, AfI recognizes that young people like Dani are the essential force driving our country\u2019s future in science, technology, and innovation.<\/p>\n<!-- \/wp:paragraph -->\n\n<!-- wp:heading {\"level\":3} -->\n<h3 class=\"wp-block-heading\">The Contrast: Contribution vs. Rejection<\/h3>\n<!-- \/wp:heading -->\n\n<!-- wp:paragraph -->\n<p>Dani Zuhair\u2019s research on skyrmions at <a href=\"https:\/\/www.kth.se\" target=\"_blank\" rel=\"noreferrer noopener\">KTH Royal Institute of Technology<\/a> is fundamental to developing the next generation of energy-efficient computing. His story of curiosity, supported by his family and the Swedish school system, embodies AfI\u2019s vision of an empowered, integrated Sweden.<\/p>\n<!-- \/wp:paragraph -->\n\n<!-- wp:paragraph -->\n<p>Sweden Democrats refusal to attend, accompanied by their stated disregard and disrespect for the Nobel tradition, represents a clear choice to ignore the contributions of a dynamic, diverse Swedish society.<\/p>\n<!-- \/wp:paragraph -->\n\n<!-- wp:paragraph -->\n<p>When the Sweden Democrats reject the Nobel Banquet, they are effectively rejecting the values of global collaboration and human equality that Dani Zuhair represents. They missed the chance to hear a message of hope and curiosity that should inspire every Swedish child, regardless of their background.<\/p>\n<!-- \/wp:paragraph -->\n\n<!-- wp:heading {\"level\":3} -->\n<h3 class=\"wp-block-heading\">AfI\u2019s Call to Action<\/h3>\n<!-- \/wp:heading -->\n\n<!-- wp:paragraph -->\n<p>The Tid\u00f6 government\u2019s current path, influenced by far-right policies, creates a toxic environment that risks driving talented families to leave Sweden, resulting in brain drain and a devastating loss of human capital.<\/p>\n<!-- \/wp:paragraph -->\n\n<!-- wp:paragraph -->\n<p>AfI urges all Swedish citizens to consider the cost of this political rhetoric. We must ask ourselves: How many future Nobel speakers are we losing due to policies that prioritize exclusion over excellence? AfI is running for the Swedish Election 2026 and the EU Election 2029 to ensure that Sweden remains a country where every individual, regardless of origin, has the opportunity to thrive and contribute at the highest level. We stand for Dani Zuhair\u2019s Sweden, a Sweden that celebrates talent, diversity, and an open future.<\/p>\n<!-- \/wp:paragraph -->\n\n<!-- wp:spacer {\"height\":\"20px\"} -->\n<div style=\"height:20px\" aria-hidden=\"true\" class=\"wp-block-spacer\"><\/div>\n<!-- \/wp:spacer -->\n\n<!-- wp:shortcode -->\n[language-include lang=\"en_US\"]\n<!-- \/wp:shortcode -->\n\n<!-- wp:embed {\"url\":\"https:\/\/www.youtube.com\/watch?v=ISOU9OGJfPk\",\"type\":\"video\",\"providerNameSlug\":\"youtube\",\"responsive\":true,\"align\":\"center\",\"className\":\"wp-embed-aspect-16-9 wp-has-aspect-ratio\"} -->\n<figure class=\"wp-block-embed aligncenter is-type-video is-provider-youtube wp-block-embed-youtube wp-embed-aspect-16-9 wp-has-aspect-ratio\"><div class=\"wp-block-embed__wrapper\">\nhttps:\/\/www.youtube.com\/watch?v=ISOU9OGJfPk\n<\/div><\/figure>\n<!-- \/wp:embed -->\n\n<!-- wp:shortcode -->\n[\/language-include]\n<!-- \/wp:shortcode -->\n\n<!-- wp:shortcode -->\n[language-include lang=\"sv_SE\"]\n<!-- \/wp:shortcode -->\n\n<!-- wp:embed {\"url\":\"https:\/\/youtu.be\/_leqc9QKY2Q\",\"type\":\"video\",\"providerNameSlug\":\"youtube\",\"responsive\":true,\"align\":\"center\",\"className\":\"wp-embed-aspect-16-9 wp-has-aspect-ratio\"} -->\n<figure class=\"wp-block-embed aligncenter is-type-video is-provider-youtube wp-block-embed-youtube wp-embed-aspect-16-9 wp-has-aspect-ratio\"><div class=\"wp-block-embed__wrapper\">\nhttps:\/\/youtu.be\/_leqc9QKY2Q\n<\/div><\/figure>\n<!-- \/wp:embed -->","_et_gb_content_width":"","footnotes":""},"categories":[5],"tags":[],"class_list":["post-1726","post","type-post","status-publish","format-standard","has-post-thumbnail","hentry","category-press-release"],"_links":{"self":[{"href":"https:\/\/alternativeforimmigrants.org\/sv\/wp-json\/wp\/v2\/posts\/1726","targetHints":{"allow":["GET"]}}],"collection":[{"href":"https:\/\/alternativeforimmigrants.org\/sv\/wp-json\/wp\/v2\/posts"}],"about":[{"href":"https:\/\/alternativeforimmigrants.org\/sv\/wp-json\/wp\/v2\/types\/post"}],"author":[{"embeddable":true,"href":"https:\/\/alternativeforimmigrants.org\/sv\/wp-json\/wp\/v2\/users\/1"}],"replies":[{"embeddable":true,"href":"https:\/\/alternativeforimmigrants.org\/sv\/wp-json\/wp\/v2\/comments?post=1726"}],"version-history":[{"count":10,"href":"https:\/\/alternativeforimmigrants.org\/sv\/wp-json\/wp\/v2\/posts\/1726\/revisions"}],"predecessor-version":[{"id":2142,"href":"https:\/\/alternativeforimmigrants.org\/sv\/wp-json\/wp\/v2\/posts\/1726\/revisions\/2142"}],"wp:featuredmedia":[{"embeddable":true,"href":"https:\/\/alternativeforimmigrants.org\/sv\/wp-json\/wp\/v2\/media\/1729"}],"wp:attachment":[{"href":"https:\/\/alternativeforimmigrants.org\/sv\/wp-json\/wp\/v2\/media?parent=1726"}],"wp:term":[{"taxonomy":"category","embeddable":true,"href":"https:\/\/alternativeforimmigrants.org\/sv\/wp-json\/wp\/v2\/categories?post=1726"},{"taxonomy":"post_tag","embeddable":true,"href":"https:\/\/alternativeforimmigrants.org\/sv\/wp-json\/wp\/v2\/tags?post=1726"}],"curies":[{"name":"wp","href":"https:\/\/api.w.org\/{rel}","templated":true}]}}