{"id":1743,"date":"2025-12-28T10:59:10","date_gmt":"2025-12-28T09:59:10","guid":{"rendered":"https:\/\/alternativeforimmigrants.org\/?p=1743"},"modified":"2026-04-04T13:18:29","modified_gmt":"2026-04-04T11:18:29","slug":"akesson-sweden-is-spoiled-and-dumb-they-kicked-out-a-tech-founder-with-a-50-million-idea","status":"publish","type":"post","link":"https:\/\/alternativeforimmigrants.org\/sv\/akesson-sweden-is-spoiled-and-dumb-they-kicked-out-a-tech-founder-with-a-50-million-idea\/","title":{"rendered":"\u00c5kessons Sverige \u00e4r Bortsk\u00e4mt och Dumt: De Kastade ut en Techgrundare med en 50 Miljoner Dollar Id\u00e9"},"content":{"rendered":"<p>Id\u00e9n om att Sverige \u00e4r en global ledare inom innovation och f\u00f6retagande \u00e4r en myt som h\u00e5lls vid liv av \u00c5kessons regering. Verkligheten i \u00c5kessons Sverige \u00e4r ett politiskt system som aktivt motarbetar global talang. Man driver bort just de m\u00e4nniskor vi beh\u00f6ver f\u00f6r v\u00e5r ekonomiska framtid. Detta \u00e4r inte bara ett misslyckande, det \u00e4r sj\u00e4lvsabotage som genomf\u00f6rs med den styrande koalitionens politik.<\/p>\n\n\n\n<p>Vi pratar om historien om Milo Radulovic, en entrepren\u00f6r fr\u00e5n Montenegro. Han kom till Sverige f\u00f6r sin masterexamen, \u00e4lskade landet och ville bygga sitt globala f\u00f6retag, MARLEQ, h\u00e4r i Stockholm. Ist\u00e4llet tvingade Sveriges kr\u00e5ngliga regler och pappersarbete, som \u00e4r gjorda f\u00f6r att straffa snarare \u00e4n att hj\u00e4lpa, honom att flytta sin verksamhet, sitt team och sin potential att skapa jobb till Estland.<\/p>\n\n\n\n<p>Detta \u00e4r inte bara en personlig historia. Det \u00e4r ett bevis p\u00e5 ett trasigt system som Alternative for Immigrants (AfI) \u00e4r fast beslutet att fixa genom politiskt arbete.<\/p>\n\n\n\n<h3 class=\"wp-block-heading\">Priset f\u00f6r att Vara Bortsk\u00e4md<\/h3>\n\n\n\n<p>Milos upplevelse visar tydligt de problem som AfI vill l\u00f6sa. Han stoppades, inte f\u00f6r att hans aff\u00e4rsid\u00e9 var d\u00e5lig, utan p\u00e5 grund av or\u00e4ttvisa och gammaldags regler:<\/p>\n\n\n\n<ul class=\"wp-block-list\">\n<li>Pengav\u00e4ggen: F\u00f6r att f\u00e5 sitt uppeh\u00e5llstillst\u00e5nd som egenf\u00f6retagare var Milo tvungen att visa att han hade minst 200 000 kronor av sina egna pengar p\u00e5 banken. Som Milo f\u00f6rklarar: \u201cF\u00f6r en grundare i ett tidigt skede \u00e4r det ett enormt krav\u201d. Denna regel stoppar duktiga m\u00e4nniskor baserat p\u00e5 hur mycket pengar de har, inte p\u00e5 styrkan i deras aff\u00e4rsid\u00e9. Den st\u00e4nger ute entrepren\u00f6rer som beh\u00f6ver kapitalet till f\u00f6retaget, inte till sitt personliga konto.<\/li>\n\n\n\n<li>Papperskvarnen: Milo fick bes\u00f6ka Migrationsverket elva g\u00e5nger bara f\u00f6r att f\u00f6rl\u00e4nga sina tillf\u00e4lliga tillst\u00e5nd. All hans tid gick \u00e5t till att k\u00e4mpa mot byr\u00e5kratin ist\u00e4llet f\u00f6r att hitta investerare. Denna l\u00e5ngsamma, f\u00f6rvirrande process \u00e4r en form av systematisk diskriminering, en politik som g\u00f6r det utmattande f\u00f6r talanger utanf\u00f6r EU att stanna.<\/li>\n<\/ul>\n\n\n\n<p>Som Milo sj\u00e4lv uttryckte det: \u201cSverige \u00e4r bortsk\u00e4mt\u201d. Vi har f\u00f6r l\u00e4nge f\u00f6rlitat oss p\u00e5 v\u00e5rt goda rykte och sitter bekv\u00e4mt medan konkurrenter som Estland aktivt k\u00e4mpar f\u00f6r att v\u00e4lkomna globala entrepren\u00f6rer med effektiva digitala processer och s\u00e4rskilda startupvisum.<\/p>\n\n\n\n<h3 class=\"wp-block-heading\">AfI:s Svar: G\u00f6ra Ord till Handling<\/h3>\n\n\n\n<p>AfI:s m\u00e5l \u00e4r att skydda invandrares r\u00e4ttigheter och v\u00e4lbefinnande genom att driva igenom politiska f\u00f6r\u00e4ndringar och direkt bek\u00e4mpa diskriminering. Fallet Radulovic visar varf\u00f6r ideellt arbete inte l\u00e4ngre r\u00e4cker. Vi m\u00e5ste f\u00e5 sitta med vid bordet.<\/p>\n\n\n\n<p>D\u00e4rf\u00f6r har AfI registrerat sig f\u00f6r att st\u00e4lla upp i Riksdagsvalet 2026 och EU valet 2029.<\/p>\n\n\n\n<p>F\u00f6rlusten av MARLEQ handlar inte bara om invandring. Det \u00e4r en kritisk fr\u00e5ga f\u00f6r Sveriges ekonomi och innovationskraft. N\u00e4r h\u00f6gt kvalificerade \u201csuperstj\u00e4rnor\u201d, som techledare kallar dem, avvisas, f\u00f6rlorar Sverige.<\/p>\n\n\n\n<p>V\u00e5r politiska plan kr\u00e4ver omedelbara f\u00f6r\u00e4ndringar:<\/p>\n\n\n\n<ul class=\"wp-block-list\">\n<li>Skrota den Godtyckliga 200 000 kronorsregeln: Vi m\u00e5ste sluta bed\u00f6ma talang utifr\u00e5n bankkonton. Vi m\u00e5ste fokusera p\u00e5 hur stark aff\u00e4rsplanen \u00e4r.<\/li>\n\n\n\n<li>Inf\u00f6r ett S\u00e4rskilt Startupvisum: Skapa ett snabbt, r\u00e4ttvist tillst\u00e5nd som godk\u00e4nns av en specialiserad kommitt\u00e9. Detta ska ge grundare ett \u00e5r att testa sin id\u00e9 och s\u00f6ka finansiering utan \u00e4ndl\u00f6sa, f\u00f6rvirrande papper.<\/li>\n\n\n\n<li>Stoppa F\u00f6rseningarna: Vi m\u00e5ste ge Migrationsverket de resurser och den kontroll som kr\u00e4vs f\u00f6r att se till att talanger l\u00e4gger sin tid p\u00e5 att skapa jobb, inte p\u00e5 att be om r\u00e4tten att f\u00e5 stanna.<\/li>\n<\/ul>\n\n\n\n<h3 class=\"wp-block-heading\">St\u00f6d Oss inte Bara, G\u00e5 med Oss!<\/h3>\n\n\n\n<p>Milo Radulovics f\u00f6retag, MARLEQ, \u00e4r nu framg\u00e5ngsrikt i 80 l\u00e4nder, men deras bas \u00e4r Tallinn, inte Stockholm. Denna historia \u00e4r en tydlig varning: Om vi l\u00e5ter en f\u00f6r\u00e5ldrad politik forts\u00e4tta blockera v\u00e4gen, riskerar Sverige att hamna efter som ett ledande innovationsland.<\/p>\n\n\n\n<p>AfI st\u00e4ller upp i valet f\u00f6r att f\u00f6r\u00e4ndra migrationssystemet fr\u00e5n en hinderbana till en v\u00e4lkomnande v\u00e4g f\u00f6r global talang. Vi anser att invandrares r\u00e4ttigheter \u00e4r grundl\u00e4ggande, r\u00e4ttvisa och avg\u00f6rande f\u00f6r Sveriges framtida framg\u00e5ng. Vi beh\u00f6ver din r\u00f6st och ditt st\u00f6d f\u00f6r att se till att n\u00e4sta Milo Radulovic bygger sin globala framg\u00e5ngssaga just h\u00e4r i Sverige.<\/p>\n\n\n\n<div style=\"height:20px\" aria-hidden=\"true\" class=\"wp-block-spacer\"><\/div>\n\n\n\n\n\n<\/p>\n\n\n\n<figure class=\"wp-block-embed aligncenter is-type-video is-provider-youtube wp-block-embed-youtube wp-embed-aspect-16-9 wp-has-aspect-ratio\"><div class=\"wp-block-embed__wrapper\">\n<iframe loading=\"lazy\" title=\"\ud83e\udd2f \u00c5kessons Sverige \u00e4r Bortsk\u00e4mt och Dumt: De Kastade ut en Techgrundare med 50 Miljoner Dollar Id\u00e9 \ud83d\udcb0\" width=\"1080\" height=\"608\" src=\"https:\/\/www.youtube.com\/embed\/taFvP-F5Gdk?feature=oembed\"  allow=\"accelerometer; autoplay; clipboard-write; encrypted-media; gyroscope; picture-in-picture; web-share\" referrerpolicy=\"strict-origin-when-cross-origin\" allowfullscreen><\/iframe>\n<\/div><\/figure>\n\n\n<p>","protected":false},"excerpt":{"rendered":"<p>The idea that Sweden is a global leader in innovation and entrepreneurship is a myth upheld by the \u00c5kesson government. The reality under \u00c5kesson Sweden is a political system that is actively hostile to global talent, pushing away the very people we need to secure our economic future. This isn\u2019t just a failure, it\u2019s self-sabotage [&hellip;]<\/p>\n","protected":false},"author":1,"featured_media":1741,"comment_status":"open","ping_status":"open","sticky":false,"template":"","format":"standard","meta":{"_et_pb_use_builder":"off","_et_pb_old_content":"","_et_gb_content_width":"","footnotes":""},"categories":[5],"tags":[],"class_list":["post-1743","post","type-post","status-publish","format-standard","has-post-thumbnail","hentry","category-press-release"],"_links":{"self":[{"href":"https:\/\/alternativeforimmigrants.org\/sv\/wp-json\/wp\/v2\/posts\/1743","targetHints":{"allow":["GET"]}}],"collection":[{"href":"https:\/\/alternativeforimmigrants.org\/sv\/wp-json\/wp\/v2\/posts"}],"about":[{"href":"https:\/\/alternativeforimmigrants.org\/sv\/wp-json\/wp\/v2\/types\/post"}],"author":[{"embeddable":true,"href":"https:\/\/alternativeforimmigrants.org\/sv\/wp-json\/wp\/v2\/users\/1"}],"replies":[{"embeddable":true,"href":"https:\/\/alternativeforimmigrants.org\/sv\/wp-json\/wp\/v2\/comments?post=1743"}],"version-history":[{"count":4,"href":"https:\/\/alternativeforimmigrants.org\/sv\/wp-json\/wp\/v2\/posts\/1743\/revisions"}],"predecessor-version":[{"id":2140,"href":"https:\/\/alternativeforimmigrants.org\/sv\/wp-json\/wp\/v2\/posts\/1743\/revisions\/2140"}],"wp:featuredmedia":[{"embeddable":true,"href":"https:\/\/alternativeforimmigrants.org\/sv\/wp-json\/wp\/v2\/media\/1741"}],"wp:attachment":[{"href":"https:\/\/alternativeforimmigrants.org\/sv\/wp-json\/wp\/v2\/media?parent=1743"}],"wp:term":[{"taxonomy":"category","embeddable":true,"href":"https:\/\/alternativeforimmigrants.org\/sv\/wp-json\/wp\/v2\/categories?post=1743"},{"taxonomy":"post_tag","embeddable":true,"href":"https:\/\/alternativeforimmigrants.org\/sv\/wp-json\/wp\/v2\/tags?post=1743"}],"curies":[{"name":"wp","href":"https:\/\/api.w.org\/{rel}","templated":true}]}}