{"id":2186,"date":"2026-04-19T13:11:56","date_gmt":"2026-04-19T11:11:56","guid":{"rendered":"https:\/\/alternativeforimmigrants.org\/?p=2186"},"modified":"2026-04-28T20:35:52","modified_gmt":"2026-04-28T18:35:52","slug":"breaking-reza-pahlavi-humiliated-at-the-swedish-parliaments","status":"publish","type":"post","link":"https:\/\/alternativeforimmigrants.org\/sv\/breaking-reza-pahlavi-humiliated-at-the-swedish-parliaments\/","title":{"rendered":"Breaking: Reza Pahlavi F\u00f6rnedrad i Sveriges Riksdag"},"content":{"rendered":"<p>Medan Sverigedemokraterna (SD) och Kristdemokraterna (KD) var upptagna med att klappa varandra p\u00e5 axeln i riksdagen, s\u00e5g verkligheten p\u00e5 gatan helt annorlunda ut.<\/p>\n\n\n\n<p>Det h\u00f6gerextrema etablissemanget bj\u00f6d in Reza Pahlavi, son till en avsatt diktator, till v\u00e5r riksdag under t\u00e4ckmanteln att st\u00e5 med folket. De h\u00e4vdade att tiotusentals m\u00e4nniskor skulle str\u00f6mma ut p\u00e5 Stockholms gator f\u00f6r att h\u00e4lsa p\u00e5 deras sp\u00f6kprins.<\/p>\n\n\n\n<p>Verkligheten? Det var helt d\u00f6tt.<\/p>\n\n\n\n<h3 class=\"wp-block-heading\">Ett Misslyckat PR Skitspel<\/h3>\n\n\n\n<p>V\u00e5r senaste granskning och filmmaterial bekr\u00e4ftar det som mainstream media \u00e4r f\u00f6r fega f\u00f6r att rapportera: Gatorna var j\u00e4vligt tomma. Trots desperata f\u00f6rs\u00f6k fr\u00e5n Arin Karapet och Yusuf Aydin att skapa ett historiskt \u00f6gonblick, fanns det inga folkmassor n\u00e5gonstans.<\/p>\n\n\n\n<p>Varf\u00f6r sl\u00f6sades v\u00e5ra skattepengar p\u00e5 s\u00e4kerhetsp\u00e5drag och r\u00f6da mattor f\u00f6r en man som representerar ett misslyckat f\u00f6rflutet och som saknar framtid i b\u00e5de Sverige och Iran?<\/p>\n\n\n\n<h3 class=\"wp-block-heading\">Bluffen med Husblattar<\/h3>\n\n\n\n<p>Det \u00e4r dags att vi kallar Arin Karapet och Yusuf Aydin f\u00f6r vad de faktiskt \u00e4r: husblattar. De anv\u00e4nds som m\u00e4nskliga sk\u00f6ldar f\u00f6r att skydda SD och KD mot anklagelser om fr\u00e4mlingsfientlighet. De \u00e4r de uthyrda ansiktena f\u00f6r en h\u00f6gerextrem agenda som i grunden inte bryr sig om dig, din familj eller ditt omr\u00e5de. De utnyttjar sin bakgrund f\u00f6r att s\u00e4lja in en vision av Sverige som exkluderar just de m\u00e4nniskor de p\u00e5st\u00e5r sig representera.<\/p>\n\n\n\n<h3 class=\"wp-block-heading\">AfI Kr\u00e4ver: Sluta med Cirkusen<\/h3>\n\n\n\n<p>Samtidigt som Karapet och Aydin anv\u00e4nder SD:s plattform f\u00f6r att spela ut olika grupper mot varandra, ignorerar de minoriteter som inte erk\u00e4nns h\u00e4r i Sverige.<\/p>\n\n\n\n<p>Fr\u00e5n sk\u00e5ningar och gutar till kurder, assyrier och somalier, det h\u00f6gerextrema etablissemanget \u00e4r mer intresserat av utl\u00e4ndska monarker \u00e4n av folket i sin egen bakg\u00e5rd.<\/p>\n\n\n\n<p>V\u00e5rt krav \u00e4r enkelt: Sluta anv\u00e4nda Sveriges riksdag som en lekplats f\u00f6r utl\u00e4ndskt drama. Om ni bryr er mer om ett 700-\u00e5rigt arv \u00e4n om Sveriges faktiska skattebetalare, sluta anv\u00e4nda v\u00e5r plattform och dra hem f\u00f6r fan.<\/p>\n\n\n\n<p>Vi \u00e4r Alternative for Immigrants (AfI), och vi f\u00f6rsvinner inte. Vi ser maskerna, vi ser de tomma gatorna, och vi synar bluffen.<\/p>\n\n\n\n<div style=\"height:20px\" aria-hidden=\"true\" class=\"wp-block-spacer\"><\/div>\n\n\n\n\n\n<\/p>\n\n\n\n<figure class=\"wp-block-embed aligncenter is-type-video is-provider-youtube wp-block-embed-youtube wp-embed-aspect-16-9 wp-has-aspect-ratio\"><div class=\"wp-block-embed__wrapper\">\n<iframe loading=\"lazy\" title=\"\ud83d\udea8 Breaking: Reza Pahlavi F\u00f6rnedrad i Sveriges Riksdag \ud83d\udc80\" width=\"1080\" height=\"608\" src=\"https:\/\/www.youtube.com\/embed\/xAPIHK2LGGI?feature=oembed\"  allow=\"accelerometer; autoplay; clipboard-write; encrypted-media; gyroscope; picture-in-picture; web-share\" referrerpolicy=\"strict-origin-when-cross-origin\" allowfullscreen><\/iframe>\n<\/div><\/figure>\n\n\n<p>","protected":false},"excerpt":{"rendered":"<p>While the Sweden Democrats (SD) and Christian Democrats (KD) were busy patting themselves on the back in the Swedish parliament, the reality on the ground told a much different story. The far-right establishment invited Reza Pahlavi, the son of a deposed dictator, to our parliament under the guise of standing with the people. They claimed [&hellip;]<\/p>\n","protected":false},"author":1,"featured_media":2184,"comment_status":"open","ping_status":"open","sticky":false,"template":"","format":"standard","meta":{"_et_pb_use_builder":"off","_et_pb_old_content":"","_et_gb_content_width":"","footnotes":""},"categories":[5],"tags":[],"class_list":["post-2186","post","type-post","status-publish","format-standard","has-post-thumbnail","hentry","category-press-release"],"_links":{"self":[{"href":"https:\/\/alternativeforimmigrants.org\/sv\/wp-json\/wp\/v2\/posts\/2186","targetHints":{"allow":["GET"]}}],"collection":[{"href":"https:\/\/alternativeforimmigrants.org\/sv\/wp-json\/wp\/v2\/posts"}],"about":[{"href":"https:\/\/alternativeforimmigrants.org\/sv\/wp-json\/wp\/v2\/types\/post"}],"author":[{"embeddable":true,"href":"https:\/\/alternativeforimmigrants.org\/sv\/wp-json\/wp\/v2\/users\/1"}],"replies":[{"embeddable":true,"href":"https:\/\/alternativeforimmigrants.org\/sv\/wp-json\/wp\/v2\/comments?post=2186"}],"version-history":[{"count":8,"href":"https:\/\/alternativeforimmigrants.org\/sv\/wp-json\/wp\/v2\/posts\/2186\/revisions"}],"predecessor-version":[{"id":2201,"href":"https:\/\/alternativeforimmigrants.org\/sv\/wp-json\/wp\/v2\/posts\/2186\/revisions\/2201"}],"wp:featuredmedia":[{"embeddable":true,"href":"https:\/\/alternativeforimmigrants.org\/sv\/wp-json\/wp\/v2\/media\/2184"}],"wp:attachment":[{"href":"https:\/\/alternativeforimmigrants.org\/sv\/wp-json\/wp\/v2\/media?parent=2186"}],"wp:term":[{"taxonomy":"category","embeddable":true,"href":"https:\/\/alternativeforimmigrants.org\/sv\/wp-json\/wp\/v2\/categories?post=2186"},{"taxonomy":"post_tag","embeddable":true,"href":"https:\/\/alternativeforimmigrants.org\/sv\/wp-json\/wp\/v2\/tags?post=2186"}],"curies":[{"name":"wp","href":"https:\/\/api.w.org\/{rel}","templated":true}]}}