{"id":379,"date":"2025-03-31T02:56:00","date_gmt":"2025-03-31T00:56:00","guid":{"rendered":"https:\/\/alternativeforimmigrants.org\/?p=379"},"modified":"2026-04-05T14:20:25","modified_gmt":"2026-04-05T12:20:25","slug":"cake-attack-on-swedish-neo-nazi-leader","status":"publish","type":"post","link":"https:\/\/alternativeforimmigrants.org\/sv\/cake-attack-on-swedish-neo-nazi-leader\/","title":{"rendered":"T\u00e5rtattack mot Svensk Nynazistisk Ledare!"},"content":{"rendered":"<p>Bevittna det dramatiska \u00f6gonblicket n\u00e4r den svenska aktivisten Irene Matkowitzc tar saken i egna h\u00e4nder och kastar en t\u00e5rta i ansiktet p\u00e5 Jimmie \u00c5kesson, ledare f\u00f6r h\u00f6gerextrema Sverigedemokraterna, under en boksignering.<\/p>\n\n\n\n<p>I en efterf\u00f6ljande intervju f\u00f6rklarar Irene sina handlingar och f\u00f6rd\u00f6mer \u00c5kesson och hans parti f\u00f6r deras rasistiska och nynazistiska ideologi. Hon menar att \u00e4ven om yttrandefrihet \u00e4r en grundl\u00e4ggande r\u00e4ttighet, b\u00f6r den inte omfatta dem som fr\u00e4mjar hat och splittring i samh\u00e4llet.<\/p>\n\n\n\n<p>\u00c5kesson, k\u00e4nd f\u00f6r sin uppviglade retorik och splittrande politik, f\u00e5r smaka p\u00e5 sin egen medicin i detta virala \u00f6gonblick.<\/p>\n\n\n\n<div style=\"height:20px\" aria-hidden=\"true\" class=\"wp-block-spacer\"><\/div>\n\n\n\n<figure class=\"wp-block-embed aligncenter is-type-video is-provider-youtube wp-block-embed-youtube wp-embed-aspect-16-9 wp-has-aspect-ratio\"><div class=\"wp-block-embed__wrapper\">\n<iframe loading=\"lazy\" title=\"\ud83e\udd23\ud83c\udf82\ud83c\udf70 T\u00e5rtattack mot Svensk Nynazistisk Ledare! \ud83c\udf70\ud83c\udf82\ud83e\udd23\" width=\"1080\" height=\"608\" src=\"https:\/\/www.youtube.com\/embed\/7XRgETDlrBo?feature=oembed\"  allow=\"accelerometer; autoplay; clipboard-write; encrypted-media; gyroscope; picture-in-picture; web-share\" referrerpolicy=\"strict-origin-when-cross-origin\" allowfullscreen><\/iframe>\n<\/div><\/figure>","protected":false},"excerpt":{"rendered":"<p>Witness the dramatic moment Swedish activist Irene Matkowitzc takes matters into her own hands, throwing a cake at the face of Jimmie \u00c5kesson, the leader of the far-right Sweden Democrats, during a book signing event. In a subsequent interview, Irene explains her actions, denouncing \u00c5kesson and his party for their racist and neo-fascist ideology. She [&hellip;]<\/p>\n","protected":false},"author":1,"featured_media":1498,"comment_status":"open","ping_status":"open","sticky":false,"template":"","format":"standard","meta":{"_et_pb_use_builder":"off","_et_pb_old_content":"","_et_gb_content_width":"","footnotes":""},"categories":[6],"tags":[],"class_list":["post-379","post","type-post","status-publish","format-standard","has-post-thumbnail","hentry","category-spotlight"],"_links":{"self":[{"href":"https:\/\/alternativeforimmigrants.org\/sv\/wp-json\/wp\/v2\/posts\/379","targetHints":{"allow":["GET"]}}],"collection":[{"href":"https:\/\/alternativeforimmigrants.org\/sv\/wp-json\/wp\/v2\/posts"}],"about":[{"href":"https:\/\/alternativeforimmigrants.org\/sv\/wp-json\/wp\/v2\/types\/post"}],"author":[{"embeddable":true,"href":"https:\/\/alternativeforimmigrants.org\/sv\/wp-json\/wp\/v2\/users\/1"}],"replies":[{"embeddable":true,"href":"https:\/\/alternativeforimmigrants.org\/sv\/wp-json\/wp\/v2\/comments?post=379"}],"version-history":[{"count":10,"href":"https:\/\/alternativeforimmigrants.org\/sv\/wp-json\/wp\/v2\/posts\/379\/revisions"}],"predecessor-version":[{"id":2168,"href":"https:\/\/alternativeforimmigrants.org\/sv\/wp-json\/wp\/v2\/posts\/379\/revisions\/2168"}],"wp:featuredmedia":[{"embeddable":true,"href":"https:\/\/alternativeforimmigrants.org\/sv\/wp-json\/wp\/v2\/media\/1498"}],"wp:attachment":[{"href":"https:\/\/alternativeforimmigrants.org\/sv\/wp-json\/wp\/v2\/media?parent=379"}],"wp:term":[{"taxonomy":"category","embeddable":true,"href":"https:\/\/alternativeforimmigrants.org\/sv\/wp-json\/wp\/v2\/categories?post=379"},{"taxonomy":"post_tag","embeddable":true,"href":"https:\/\/alternativeforimmigrants.org\/sv\/wp-json\/wp\/v2\/tags?post=379"}],"curies":[{"name":"wp","href":"https:\/\/api.w.org\/{rel}","templated":true}]}}