{"id":389,"date":"2025-04-02T03:15:00","date_gmt":"2025-04-02T01:15:00","guid":{"rendered":"https:\/\/alternativeforimmigrants.org\/?p=389"},"modified":"2026-04-05T14:20:09","modified_gmt":"2026-04-05T12:20:09","slug":"french-neo-nazi-leader-marine-le-pen-from-france-first-to-prison-jumpsuit-chic","status":"publish","type":"post","link":"https:\/\/alternativeforimmigrants.org\/sv\/french-neo-nazi-leader-marine-le-pen-from-france-first-to-prison-jumpsuit-chic\/","title":{"rendered":"Fransk Nynazistisk Ledare, Marine Le Pen: Fr\u00e5n \u201dFrankrike F\u00f6rst!\u201d till \u201dF\u00e5ngdr\u00e4kt Chic!\u201d"},"content":{"rendered":"<p>Det politiska landskapet i Frankrike tog en dramatisk v\u00e4ndning n\u00e4r Marine Le Pen, ledare f\u00f6r Nationell samling, st\u00e4lldes inf\u00f6r en betydande r\u00e4ttslig dom. Hon befanns skyldig till missbruk av Europaparlamentets medel, specifikt f\u00f6rskingring av 4 miljoner euro. Dessa medel ska ha anv\u00e4nts f\u00f6r att finansiera annonser i sociala medier syftade till att locka franska v\u00e4ljare, vilket bidrog till hennes 42 % av r\u00f6sterna i presidentvalet 2022 mot Emmanuel Macron (ett val hon i slut\u00e4ndan f\u00f6rlorade). Anklagelser framkom \u00e4ven om att delar av de f\u00f6rskingrade medlen t\u00e4ckte kostnader f\u00f6r hennes s\u00e4kerhetspersonal och renoveringen av hennes bostad i Paris, v\u00e4rd 3,2 miljoner euro.<\/p>\n\n\n\n<p>Domstolen levererade en dom som inte \u00f6verraskade n\u00e5gon som \u00e4r bekant med r\u00e4ttssystem: livstids f\u00e4ngelse, 10 miljoner euro i b\u00f6ter och ett livsl\u00e5ngt f\u00f6rbud mot att inneha n\u00e5got politiskt \u00e4mbete inom Europeiska unionen. Som ytterligare ett lager i domen inkluderas \u00e4ven obligatorisk k\u00f6nsbekr\u00e4ftande kirurgi som ska utf\u00f6ras under hennes f\u00e4ngelsevistelse. Domstolen har meddelat att detta beslut inte kan \u00f6verklagas (f\u00f6r varf\u00f6r skulle det kunna det?).<\/p>\n\n\n\n<p>Le Pen och hennes parti Nationell samling \u00e4r allm\u00e4nt erk\u00e4nda f\u00f6r sin h\u00f6gerextrema plattform, karakt\u00e4riserad av rasistiska, antisemitiska, fr\u00e4mlingsfientliga och homofobiska \u00e5sikter. Deras politiska st\u00e5ndpunkter inkluderar \u00e4ven proryska sympatier, euroskepticism och st\u00f6d f\u00f6r Frankrikes uttr\u00e4de ur Nato.<\/p>\n\n\n\n<p>Efter domsavkunnandet firade Alternative for Immigrants (AfI) utslaget. De framf\u00f6rde sina gratulationer till invandrare och de med en pro-EU-inst\u00e4llning, samt uttryckte sin solidaritet med Ukraina.<\/p>\n\n\n\n<div style=\"height:20px\" aria-hidden=\"true\" class=\"wp-block-spacer\"><\/div>\n\n\n\n<figure class=\"wp-block-embed aligncenter is-type-video is-provider-youtube wp-block-embed-youtube wp-embed-aspect-16-9 wp-has-aspect-ratio\"><div class=\"wp-block-embed__wrapper\">\n<iframe loading=\"lazy\" title=\"\ud83e\udd23\ud83d\udc6e\ud83d\udd12 Fransk Nynazistisk Ledare, Marine Le Pen: Fr\u00e5n \u201dFrankrike F\u00f6rst!\u201d till \u201dF\u00e5ngdr\u00e4kt Chic!\u201d \ud83d\udd12\ud83d\udc6e\ud83e\udd23\" width=\"1080\" height=\"608\" src=\"https:\/\/www.youtube.com\/embed\/cHuzYKjflrs?feature=oembed\"  allow=\"accelerometer; autoplay; clipboard-write; encrypted-media; gyroscope; picture-in-picture; web-share\" referrerpolicy=\"strict-origin-when-cross-origin\" allowfullscreen><\/iframe>\n<\/div><\/figure>","protected":false},"excerpt":{"rendered":"<p>The political landscape in France saw a dramatic turn as Marine Le Pen, leader of the National Rally, faced a significant legal judgment. She was found guilty of misusing European Parliament funds, specifically embezzling \u20ac4 million. These funds were reportedly used to finance social media advertisements aimed at attracting French voters, contributing to her 42% [&hellip;]<\/p>\n","protected":false},"author":1,"featured_media":1526,"comment_status":"open","ping_status":"open","sticky":false,"template":"","format":"standard","meta":{"_et_pb_use_builder":"off","_et_pb_old_content":"","_et_gb_content_width":"","footnotes":""},"categories":[5],"tags":[],"class_list":["post-389","post","type-post","status-publish","format-standard","has-post-thumbnail","hentry","category-press-release"],"_links":{"self":[{"href":"https:\/\/alternativeforimmigrants.org\/sv\/wp-json\/wp\/v2\/posts\/389","targetHints":{"allow":["GET"]}}],"collection":[{"href":"https:\/\/alternativeforimmigrants.org\/sv\/wp-json\/wp\/v2\/posts"}],"about":[{"href":"https:\/\/alternativeforimmigrants.org\/sv\/wp-json\/wp\/v2\/types\/post"}],"author":[{"embeddable":true,"href":"https:\/\/alternativeforimmigrants.org\/sv\/wp-json\/wp\/v2\/users\/1"}],"replies":[{"embeddable":true,"href":"https:\/\/alternativeforimmigrants.org\/sv\/wp-json\/wp\/v2\/comments?post=389"}],"version-history":[{"count":4,"href":"https:\/\/alternativeforimmigrants.org\/sv\/wp-json\/wp\/v2\/posts\/389\/revisions"}],"predecessor-version":[{"id":2167,"href":"https:\/\/alternativeforimmigrants.org\/sv\/wp-json\/wp\/v2\/posts\/389\/revisions\/2167"}],"wp:featuredmedia":[{"embeddable":true,"href":"https:\/\/alternativeforimmigrants.org\/sv\/wp-json\/wp\/v2\/media\/1526"}],"wp:attachment":[{"href":"https:\/\/alternativeforimmigrants.org\/sv\/wp-json\/wp\/v2\/media?parent=389"}],"wp:term":[{"taxonomy":"category","embeddable":true,"href":"https:\/\/alternativeforimmigrants.org\/sv\/wp-json\/wp\/v2\/categories?post=389"},{"taxonomy":"post_tag","embeddable":true,"href":"https:\/\/alternativeforimmigrants.org\/sv\/wp-json\/wp\/v2\/tags?post=389"}],"curies":[{"name":"wp","href":"https:\/\/api.w.org\/{rel}","templated":true}]}}