{"id":395,"date":"2025-04-08T12:11:00","date_gmt":"2025-04-08T10:11:00","guid":{"rendered":"https:\/\/alternativeforimmigrants.org\/?p=395"},"modified":"2026-01-20T16:07:31","modified_gmt":"2026-01-20T15:07:31","slug":"swedens-employment-minister-delusional-or-deceptive","status":"publish","type":"post","link":"https:\/\/alternativeforimmigrants.org\/sv\/swedens-employment-minister-delusional-or-deceptive\/","title":{"rendered":"Sveriges Arbetsmarknadsminister: Desillusionerad eller Bedr\u00e4glig?"},"content":{"rendered":"<p>HUVUDET I SANDEN? Sveriges arbetsmarknadsminister h\u00e4vdar att det INTE finns n\u00e5gon risk f\u00f6r massarbetsl\u00f6shet trots att\u2026<\/p>\n\n\n\n<ul class=\"wp-block-list\">\n<li>B\u00d6RSEN RASAR &amp; HANDELSKRIG H\u00c4GRAR. Lever han i verkligheten?<\/li>\n\n\n\n<li>\u201dH\u00d6G SYSSELS\u00c4TTNING\u201d? Verkligen? Han h\u00e4vdar best\u00e4mt att alla arbetar. L\u00e5t oss titta p\u00e5 fakta\u2026<\/li>\n\n\n\n<li>\u00d6ver 10 000 svenska f\u00f6retag gick i KONKURS under 2024! Det \u00e4r en chockerande \u00d6KNING p\u00e5 21 % fr\u00e5n \u00e5ret innan.<\/li>\n\n\n\n<li>Och det STOPPAR INTE. Konkursniv\u00e5erna i b\u00f6rjan av 2025 speglar f\u00f6rra \u00e5rets kris.<\/li>\n\n\n\n<li>JANUARI 2025: 10,4 % ARBETSL\u00d6SHET. Den H\u00d6GSTA i svensk historia. Till och med v\u00e4rre \u00e4n under pandemin (10,3 %).<\/li>\n<\/ul>\n\n\n\n<p>Ignorerar ministern en fullskalig kris? Vad tror DU?<\/p>","protected":false},"excerpt":{"rendered":"<p>HEAD IN THE SAND? Sweden&#8217;s Minister for Employment claims NO risk of mass unemployment despite&#8230; Is the Minister ignoring a full-blown crisis? What do YOU think?<\/p>","protected":false},"author":1,"featured_media":1564,"comment_status":"open","ping_status":"open","sticky":false,"template":"","format":"standard","meta":{"_et_pb_use_builder":"off","_et_pb_old_content":"","_et_gb_content_width":"","footnotes":""},"categories":[6],"tags":[],"class_list":["post-395","post","type-post","status-publish","format-standard","has-post-thumbnail","hentry","category-spotlight"],"_links":{"self":[{"href":"https:\/\/alternativeforimmigrants.org\/sv\/wp-json\/wp\/v2\/posts\/395","targetHints":{"allow":["GET"]}}],"collection":[{"href":"https:\/\/alternativeforimmigrants.org\/sv\/wp-json\/wp\/v2\/posts"}],"about":[{"href":"https:\/\/alternativeforimmigrants.org\/sv\/wp-json\/wp\/v2\/types\/post"}],"author":[{"embeddable":true,"href":"https:\/\/alternativeforimmigrants.org\/sv\/wp-json\/wp\/v2\/users\/1"}],"replies":[{"embeddable":true,"href":"https:\/\/alternativeforimmigrants.org\/sv\/wp-json\/wp\/v2\/comments?post=395"}],"version-history":[{"count":1,"href":"https:\/\/alternativeforimmigrants.org\/sv\/wp-json\/wp\/v2\/posts\/395\/revisions"}],"predecessor-version":[{"id":397,"href":"https:\/\/alternativeforimmigrants.org\/sv\/wp-json\/wp\/v2\/posts\/395\/revisions\/397"}],"wp:featuredmedia":[{"embeddable":true,"href":"https:\/\/alternativeforimmigrants.org\/sv\/wp-json\/wp\/v2\/media\/1564"}],"wp:attachment":[{"href":"https:\/\/alternativeforimmigrants.org\/sv\/wp-json\/wp\/v2\/media?parent=395"}],"wp:term":[{"taxonomy":"category","embeddable":true,"href":"https:\/\/alternativeforimmigrants.org\/sv\/wp-json\/wp\/v2\/categories?post=395"},{"taxonomy":"post_tag","embeddable":true,"href":"https:\/\/alternativeforimmigrants.org\/sv\/wp-json\/wp\/v2\/tags?post=395"}],"curies":[{"name":"wp","href":"https:\/\/api.w.org\/{rel}","templated":true}]}}