{"id":401,"date":"2025-04-13T12:29:00","date_gmt":"2025-04-13T10:29:00","guid":{"rendered":"https:\/\/alternativeforimmigrants.org\/?p=401"},"modified":"2026-04-05T14:19:23","modified_gmt":"2026-04-05T12:19:23","slug":"racist-filth-infests-lund-emergency-department","status":"publish","type":"post","link":"https:\/\/alternativeforimmigrants.org\/sv\/racist-filth-infests-lund-emergency-department\/","title":{"rendered":"Rasistiskt Avskum Infekterar Akutmottagningen i Lund!"},"content":{"rendered":"<p>Nyligen drabbades akutmottagningen i Lund av vidriga rasistiska hot riktade mot flera anst\u00e4llda. Dessa avskyv\u00e4rda hot, skrivna p\u00e5 lappar och skickade digitalt, kr\u00e4ver aggressivt att dessa m\u00e4nniskor ska dra \u00e5t helvete tillbaka dit de kom ifr\u00e5n. Och h\u00f6r p\u00e5 det h\u00e4r \u2013 den eller de fega avs\u00e4ndarna f\u00f6rs\u00f6kte till och med skr\u00e4mma dem till tystnad! N\u00e5got av det vidriga skr\u00e4p de skrev var:<\/p>\n\n\n\n<ul class=\"wp-block-list\">\n<li>\u201dKamelryttare!\u201d<\/li>\n\n\n\n<li>\u201dDu \u00e4r helt v\u00e4rdel\u00f6s.\u201d<\/li>\n\n\n\n<li>\u201dVi beh\u00f6ver inte s\u00e5na som dig h\u00e4r.\u201d<\/li>\n\n\n\n<li>\u201d\u00c5k tillbaka till ditt skith\u00e5lsland, j\u00e4vla neger!\u201d<\/li>\n\n\n\n<li>\u201dG\u00e5r du till chefen kommer du att \u00e5ngra dig.\u201d<\/li>\n<\/ul>\n\n\n\n<p>Det faktum att dessa lappar \u2013 riktade direkt mot specifika individer \u2013 hittades bland deras personliga tillh\u00f6righeter och p\u00e5 deras skrivbord, platser som kr\u00e4ver s\u00e4rskild beh\u00f6righet, pekar p\u00e5 en vidrig sanning f\u00f6r sjukhusledningen: skr\u00e4pet som \u00e4r ansvarigt \u00e4r sannolikt en av deras egna anst\u00e4llda.<\/p>\n\n\n\n<p>Och vad har sjukhusledningen gjort sedan de fick reda p\u00e5 detta? N\u00e4stan ingenting! De sa till slut att detta beteende \u00e4r \u201doacceptabelt\u201d \u2013 som om det skulle l\u00f6sa n\u00e5got. De ska ha ringt polisen och gjort en anm\u00e4lan till Arbetsmilj\u00f6verket, men det k\u00e4nns inte som att de faktiskt bryr sig. De l\u00e5tsas till och med erbjuda st\u00f6d till de personer som de l\u00e4t bli m\u00e5ltavlor p\u00e5 detta s\u00e4tt.<\/p>\n\n\n\n<p>Alternative for Immigrants (AfI) \u00e4r bortom \u00e4cklade av det rasistiska avskum som spys ut mot akutpersonalen i Lund. Vi vet exakt vilken sorts outbildade nollor som ligger bakom detta fega d\u00e5d, och vi f\u00f6rd\u00f6mer dem med varenda fiber i v\u00e5r kropp.<\/p>\n\n\n\n<p>Till v\u00e5ra br\u00f6der och systrar som \u00e4r m\u00e5ltavlor f\u00f6r detta hat: AfI st\u00e5r vid er sida. Vi k\u00e4nner er sm\u00e4rta och er ilska.<\/p>\n\n\n\n<p>AfI kr\u00e4ver omedelbara \u00e5tg\u00e4rder fr\u00e5n svenska myndigheter f\u00f6r att jaga r\u00e4tt p\u00e5 och lagf\u00f6ra dessa rasistiska ligister. Och l\u00e5t oss vara helt tydliga: om de svenska myndigheterna \u00e4nnu en g\u00e5ng visar att de \u00e4r of\u00f6rm\u00f6gna eller ovilliga att hantera denna skenande rasism, kommer vi att knacka p\u00e5 Europas d\u00f6rr och kr\u00e4va intervention.<\/p>\n\n\n\n<p>N\u00e4r det g\u00e4ller det patetiska gl\u00e5pordet \u201dKamelryttare!\u201d: medan du \u00e4r upptagen med ditt tr\u00e5ngsynta hat, kanske n\u00e5gon stolt \u201dkamelryttare\u201d visar din vita fru hur riktiga m\u00e4n \u00e4r i Arabiska viken.<\/p>\n\n\n\n<p>Och till den ryggradsl\u00f6sa fegis som skrev: \u201dG\u00e5r du till chefen kommer du att \u00e5ngra dig\u201d: vilken invandrare som helst skulle bli \u00f6verlycklig om du sa det skr\u00e4pet i deras ansikte. Vars\u00e5god, f\u00f6rs\u00f6k. Se hur snabbt din patetiska existens kommer att utpl\u00e5nas.<\/p>\n\n\n\n<div style=\"height:20px\" aria-hidden=\"true\" class=\"wp-block-spacer\"><\/div>\n\n\n\n<figure class=\"wp-block-embed aligncenter is-type-video is-provider-youtube wp-block-embed-youtube wp-embed-aspect-16-9 wp-has-aspect-ratio\"><div class=\"wp-block-embed__wrapper\">\n<iframe loading=\"lazy\" title=\"\ud83d\ude21 Rasistiskt Avskum Infekterar Akutmottagningen i Lund! \ud83d\ude21\" width=\"1080\" height=\"608\" src=\"https:\/\/www.youtube.com\/embed\/q_aCWWVtkMA?feature=oembed\"  allow=\"accelerometer; autoplay; clipboard-write; encrypted-media; gyroscope; picture-in-picture; web-share\" referrerpolicy=\"strict-origin-when-cross-origin\" allowfullscreen><\/iframe>\n<\/div><\/figure>","protected":false},"excerpt":{"rendered":"<p>Just recently, the Lund emergency department (Akutmottagning Lund) has been hit by disgusting racist threats targeting several staff members. These vile threats, written on notes and sent digitally, viciously demand that these people get the hell back to where they came from. And get this \u2013 the cowardly sender(s) even tried to scare them into [&hellip;]<\/p>\n","protected":false},"author":1,"featured_media":1556,"comment_status":"open","ping_status":"open","sticky":false,"template":"","format":"standard","meta":{"_et_pb_use_builder":"off","_et_pb_old_content":"","_et_gb_content_width":"","footnotes":""},"categories":[5],"tags":[],"class_list":["post-401","post","type-post","status-publish","format-standard","has-post-thumbnail","hentry","category-press-release"],"_links":{"self":[{"href":"https:\/\/alternativeforimmigrants.org\/sv\/wp-json\/wp\/v2\/posts\/401","targetHints":{"allow":["GET"]}}],"collection":[{"href":"https:\/\/alternativeforimmigrants.org\/sv\/wp-json\/wp\/v2\/posts"}],"about":[{"href":"https:\/\/alternativeforimmigrants.org\/sv\/wp-json\/wp\/v2\/types\/post"}],"author":[{"embeddable":true,"href":"https:\/\/alternativeforimmigrants.org\/sv\/wp-json\/wp\/v2\/users\/1"}],"replies":[{"embeddable":true,"href":"https:\/\/alternativeforimmigrants.org\/sv\/wp-json\/wp\/v2\/comments?post=401"}],"version-history":[{"count":3,"href":"https:\/\/alternativeforimmigrants.org\/sv\/wp-json\/wp\/v2\/posts\/401\/revisions"}],"predecessor-version":[{"id":2165,"href":"https:\/\/alternativeforimmigrants.org\/sv\/wp-json\/wp\/v2\/posts\/401\/revisions\/2165"}],"wp:featuredmedia":[{"embeddable":true,"href":"https:\/\/alternativeforimmigrants.org\/sv\/wp-json\/wp\/v2\/media\/1556"}],"wp:attachment":[{"href":"https:\/\/alternativeforimmigrants.org\/sv\/wp-json\/wp\/v2\/media?parent=401"}],"wp:term":[{"taxonomy":"category","embeddable":true,"href":"https:\/\/alternativeforimmigrants.org\/sv\/wp-json\/wp\/v2\/categories?post=401"},{"taxonomy":"post_tag","embeddable":true,"href":"https:\/\/alternativeforimmigrants.org\/sv\/wp-json\/wp\/v2\/tags?post=401"}],"curies":[{"name":"wp","href":"https:\/\/api.w.org\/{rel}","templated":true}]}}