{"id":407,"date":"2025-04-22T13:04:00","date_gmt":"2025-04-22T11:04:00","guid":{"rendered":"https:\/\/alternativeforimmigrants.org\/?p=407"},"modified":"2026-04-05T14:18:40","modified_gmt":"2026-04-05T12:18:40","slug":"pope-francis-loss-controversy","status":"publish","type":"post","link":"https:\/\/alternativeforimmigrants.org\/sv\/pope-francis-loss-controversy\/","title":{"rendered":"P\u00e5ve Franciskus: F\u00f6rlust &amp; Kontrovers"},"content":{"rendered":"<p>Ett kontroversiellt m\u00f6te: Dagen f\u00f6re sin bortg\u00e5ng m\u00f6tte p\u00e5ve Franciskus USA:s vicepresident JD Vance.<br>M\u00f6tet f\u00f6ljde efter en offentlig dispyt g\u00e4llande USA:s migrationspolitik. P\u00e5ve Franciskus hade kritiserat den politik som Vance f\u00f6rsvarade.<\/p>\n\n\n\n<p>\u201dAtt r\u00e5na migranter p\u00e5 deras v\u00e4rdighet.\u201d \u2013 P\u00e5ve Franciskus. P\u00e5vens kraftfulla st\u00e4llningstagande mot utvisningspolitik.<\/p>\n\n\n\n<p>V\u00e4rlden s\u00f6rjer f\u00f6rlusten av en andlig ledare. Omst\u00e4ndigheterna kring hans bortg\u00e5ng har v\u00e4ckt kontrovers.<\/p>\n\n\n\n<div style=\"height:20px\" aria-hidden=\"true\" class=\"wp-block-spacer\"><\/div>\n\n\n\n<figure class=\"wp-block-embed aligncenter is-type-video is-provider-youtube wp-block-embed-youtube wp-embed-aspect-16-9 wp-has-aspect-ratio\"><div class=\"wp-block-embed__wrapper\">\n<iframe loading=\"lazy\" title=\"\ud83d\udd4a\ufe0f P\u00e5ve Franciskus: F\u00f6rlust &amp; Kontrovers \ud83d\udc94\" width=\"1080\" height=\"608\" src=\"https:\/\/www.youtube.com\/embed\/WwGtLOr_lxA?feature=oembed\"  allow=\"accelerometer; autoplay; clipboard-write; encrypted-media; gyroscope; picture-in-picture; web-share\" referrerpolicy=\"strict-origin-when-cross-origin\" allowfullscreen><\/iframe>\n<\/div><\/figure>","protected":false},"excerpt":{"rendered":"<p>A Controversial Meeting: The day before his passing, Pope Francis met with U.S. Vice President JD Vance.The meeting followed a public disagreement over U.S. immigration policy. Pope Francis had criticized the policies Vance defended. &#8220;Robbing migrants of their dignity.&#8221; &#8211; Pope Francis. The Pope&#8217;s strong stance against deportation policies. The world mourns the loss of [&hellip;]<\/p>\n","protected":false},"author":1,"featured_media":1553,"comment_status":"open","ping_status":"open","sticky":false,"template":"","format":"standard","meta":{"_et_pb_use_builder":"off","_et_pb_old_content":"","_et_gb_content_width":"","footnotes":""},"categories":[6],"tags":[],"class_list":["post-407","post","type-post","status-publish","format-standard","has-post-thumbnail","hentry","category-spotlight"],"_links":{"self":[{"href":"https:\/\/alternativeforimmigrants.org\/sv\/wp-json\/wp\/v2\/posts\/407","targetHints":{"allow":["GET"]}}],"collection":[{"href":"https:\/\/alternativeforimmigrants.org\/sv\/wp-json\/wp\/v2\/posts"}],"about":[{"href":"https:\/\/alternativeforimmigrants.org\/sv\/wp-json\/wp\/v2\/types\/post"}],"author":[{"embeddable":true,"href":"https:\/\/alternativeforimmigrants.org\/sv\/wp-json\/wp\/v2\/users\/1"}],"replies":[{"embeddable":true,"href":"https:\/\/alternativeforimmigrants.org\/sv\/wp-json\/wp\/v2\/comments?post=407"}],"version-history":[{"count":2,"href":"https:\/\/alternativeforimmigrants.org\/sv\/wp-json\/wp\/v2\/posts\/407\/revisions"}],"predecessor-version":[{"id":2163,"href":"https:\/\/alternativeforimmigrants.org\/sv\/wp-json\/wp\/v2\/posts\/407\/revisions\/2163"}],"wp:featuredmedia":[{"embeddable":true,"href":"https:\/\/alternativeforimmigrants.org\/sv\/wp-json\/wp\/v2\/media\/1553"}],"wp:attachment":[{"href":"https:\/\/alternativeforimmigrants.org\/sv\/wp-json\/wp\/v2\/media?parent=407"}],"wp:term":[{"taxonomy":"category","embeddable":true,"href":"https:\/\/alternativeforimmigrants.org\/sv\/wp-json\/wp\/v2\/categories?post=407"},{"taxonomy":"post_tag","embeddable":true,"href":"https:\/\/alternativeforimmigrants.org\/sv\/wp-json\/wp\/v2\/tags?post=407"}],"curies":[{"name":"wp","href":"https:\/\/api.w.org\/{rel}","templated":true}]}}