{"id":410,"date":"2025-04-27T13:14:00","date_gmt":"2025-04-27T11:14:00","guid":{"rendered":"https:\/\/alternativeforimmigrants.org\/?p=410"},"modified":"2026-04-05T14:18:21","modified_gmt":"2026-04-05T12:18:21","slug":"neo-nazism-thriving-under-the-kristersson-swedish-government","status":"publish","type":"post","link":"https:\/\/alternativeforimmigrants.org\/sv\/neo-nazism-thriving-under-the-kristersson-swedish-government\/","title":{"rendered":"Nynazismen Blomstrar under Regeringen Kristersson"},"content":{"rendered":"<p>P\u00e5 s\u00f6ndagsmorgonen den 20 april uppt\u00e4cktes tre banderoller prydda med hakkors h\u00e4ngande \u00f6ver Essingeleden, en av Stockholms viktigaste trafikleder.<\/p>\n\n\n\n<p>H\u00e4ndelsen b\u00e4r en obehaglig likhet med de antisemitiska aktioner som ofta genomf\u00f6rs av nazistiska Nordiska motst\u00e5ndsr\u00f6relsen (NMR), s\u00e4rskilt kring betydelsefulla datum.<\/p>\n\n\n\n<p>Att dessa banderoller d\u00f6k upp den 20 april markerar 136-\u00e5rsdagen av Adolf Hitlers f\u00f6delse. NMR iscens\u00e4tter ofta liknande manifestationer kring F\u00f6rintelsens minnesdag den 27 januari.<\/p>\n\n\n\n<p>N\u00e4r TV4 Nyheterna delade nyheten om banderollerna p\u00e5 n\u00e4tet kommenterade den moderata riksdagsledamoten Lars Beckman: \u201dVar det palestinier som satte upp dem?\u201d<\/p>\n\n\n\n<p>Beckmans anm\u00e4rkning t\u00e4nde en snabb kritikstorm p\u00e5 n\u00e4tet. Han raderade senare kommentaren och f\u00f6rklarade i ett sms till Gefle Dagblad att den \u201dkunde missuppfattas\u201d, och avb\u00f6jde ytterligare kommentarer.<\/p>\n\n\n\n<p>William Elofsson, moderat kommunalr\u00e5d i Beckmans hemstad G\u00e4vle, konstaterade att Moderaterna i G\u00e4vle finner uppvisandet av hakkors \u201dkr\u00e4nkande\u201d och ov\u00e4lkommet var som helst i Sverige.<\/p>\n\n\n\n<p>Elofsson menade att det var upp till Moderaternas riksdagsgrupp att hantera Beckmans kommentar. Han beskrev kommentaren som \u201dett tillspetsat s\u00e4tt att kommentera antisemitism i Sverige\u201d.<\/p>\n\n\n\n<p>Alternative for Immigrants (AfI) menar att Beckmans kommentar var ett tydligt f\u00f6rs\u00f6k att underbl\u00e5sa misstro och fientlighet mot palestinier enbart f\u00f6r att de \u00e4r palestinier.<\/p>\n\n\n\n<p>De som utnyttjar nazism och antisemitism f\u00f6r politiska po\u00e4nger, vilket Beckmans kommentar verkar g\u00f6ra, ignorerar den verkliga effekten av hat mot judiska och andra folkgrupper.<\/p>\n\n\n\n<p>Medan hatet f\u00f6rt\u00e4r Sverige, tittar regeringen Kristersson passivt p\u00e5. Deras patetiska f\u00f6rs\u00f6k att ta itu med nazism, antisemitism och n\u00e4that \u00e4r ett sk\u00e4mt. De l\u00e5ter Sverige g\u00e5 upp i flammor.<\/p>\n\n\n\n<p>Den svenska riksdagen, som en g\u00e5ng var en symbol f\u00f6r stabilitet, f\u00f6rfaller nu under tyngden av deras passivitet. Deras politik \u00e4r svag, och deras genomf\u00f6rande \u00e4nnu svagare. Det \u00e4r dags att riva ner denna fasad av kompetens och kr\u00e4va verklig f\u00f6r\u00e4ndring.<\/p>\n\n\n\n<div style=\"height:20px\" aria-hidden=\"true\" class=\"wp-block-spacer\"><\/div>\n\n\n\n<figure class=\"wp-block-embed aligncenter is-type-video is-provider-youtube wp-block-embed-youtube wp-embed-aspect-16-9 wp-has-aspect-ratio\"><div class=\"wp-block-embed__wrapper\">\n<iframe loading=\"lazy\" title=\"\ud83d\udcc8 Nynazismen Blomstrar under Regeringen Kristersson \ud83e\udd2c\" width=\"1080\" height=\"608\" src=\"https:\/\/www.youtube.com\/embed\/ppidek-o4nA?feature=oembed\"  allow=\"accelerometer; autoplay; clipboard-write; encrypted-media; gyroscope; picture-in-picture; web-share\" referrerpolicy=\"strict-origin-when-cross-origin\" allowfullscreen><\/iframe>\n<\/div><\/figure>","protected":false},"excerpt":{"rendered":"<p>On Sunday morning, April 20th, three banners emblazoned with swastikas were discovered hanging over Essingeleden, a major traffic artery in Stockholm. This incident bears a disturbing resemblance to the antisemitic actions frequently carried out by the Nazi Nordic Resistance Movement (NRM), particularly around significant dates. The appearance of these banners on April 20th marks the [&hellip;]<\/p>\n","protected":false},"author":1,"featured_media":1549,"comment_status":"open","ping_status":"open","sticky":false,"template":"","format":"standard","meta":{"_et_pb_use_builder":"off","_et_pb_old_content":"","_et_gb_content_width":"","footnotes":""},"categories":[5],"tags":[],"class_list":["post-410","post","type-post","status-publish","format-standard","has-post-thumbnail","hentry","category-press-release"],"_links":{"self":[{"href":"https:\/\/alternativeforimmigrants.org\/sv\/wp-json\/wp\/v2\/posts\/410","targetHints":{"allow":["GET"]}}],"collection":[{"href":"https:\/\/alternativeforimmigrants.org\/sv\/wp-json\/wp\/v2\/posts"}],"about":[{"href":"https:\/\/alternativeforimmigrants.org\/sv\/wp-json\/wp\/v2\/types\/post"}],"author":[{"embeddable":true,"href":"https:\/\/alternativeforimmigrants.org\/sv\/wp-json\/wp\/v2\/users\/1"}],"replies":[{"embeddable":true,"href":"https:\/\/alternativeforimmigrants.org\/sv\/wp-json\/wp\/v2\/comments?post=410"}],"version-history":[{"count":4,"href":"https:\/\/alternativeforimmigrants.org\/sv\/wp-json\/wp\/v2\/posts\/410\/revisions"}],"predecessor-version":[{"id":2162,"href":"https:\/\/alternativeforimmigrants.org\/sv\/wp-json\/wp\/v2\/posts\/410\/revisions\/2162"}],"wp:featuredmedia":[{"embeddable":true,"href":"https:\/\/alternativeforimmigrants.org\/sv\/wp-json\/wp\/v2\/media\/1549"}],"wp:attachment":[{"href":"https:\/\/alternativeforimmigrants.org\/sv\/wp-json\/wp\/v2\/media?parent=410"}],"wp:term":[{"taxonomy":"category","embeddable":true,"href":"https:\/\/alternativeforimmigrants.org\/sv\/wp-json\/wp\/v2\/categories?post=410"},{"taxonomy":"post_tag","embeddable":true,"href":"https:\/\/alternativeforimmigrants.org\/sv\/wp-json\/wp\/v2\/tags?post=410"}],"curies":[{"name":"wp","href":"https:\/\/api.w.org\/{rel}","templated":true}]}}