{"id":416,"date":"2025-05-03T21:23:00","date_gmt":"2025-05-03T19:23:00","guid":{"rendered":"https:\/\/alternativeforimmigrants.org\/?p=416"},"modified":"2026-04-05T14:17:36","modified_gmt":"2026-04-05T12:17:36","slug":"alternative-for-germany-afd-classified-as-terrorist-by-german-intelligence","status":"publish","type":"post","link":"https:\/\/alternativeforimmigrants.org\/sv\/alternative-for-germany-afd-classified-as-terrorist-by-german-intelligence\/","title":{"rendered":"Alternative f\u00fcr Deutschland (AfD) Klassas som Terrorister av Tysk Underr\u00e4ttelsetj\u00e4nst"},"content":{"rendered":"<p>Tysklands underr\u00e4ttelsetj\u00e4nst har officiellt klassat Alternative f\u00fcr Deutschland (AfD) som en h\u00f6gerextrem organisation. Denna beteckning markerar en betydande eskalering i granskningen av ett parti som upprepat har skapat kontroverser med sin rasistiska, antisemitiska, fr\u00e4mlingsfientliga och homofobiska retorik.<\/p>\n\n\n\n<p>Bundesamt f\u00fcr Verfassungsschutz (BfV) har sl\u00e4ppt en 1 100 sidor l\u00e5ng rapport som detaljerat beskriver AfD:s \u201detniskt och h\u00e4rkomstbaserade folkbegrepp\u201d, vilket myndigheten anser vara of\u00f6renligt med Tysklands fria demokratiska ordning. Rapporten lyfter fram partiets \u201dfr\u00e4mlingsfientliga, minoritetsfientliga, islamofobiska och antimuslimska uttalanden\u201d gjorda av ledande f\u00f6retr\u00e4dare.<\/p>\n\n\n\n<p>BfV:s klassificering ger myndigheterna ut\u00f6kade befogenheter att \u00f6vervaka AfD, inklusive avlyssning av kommunikation och anv\u00e4ndning av infiltrat\u00f6rer. Detta sker efter att AfD f\u00f6rlorat en r\u00e4ttslig strid mot sin tidigare klassificering som en misst\u00e4nkt extremistisk enhet.<\/p>\n\n\n\n<p>Myndigheten har redan pekat ut AfD i de \u00f6stliga delstaterna Th\u00fcringen och Sachsen-Anhalt som bevisade extremistgrupper. Detta speglar partiets starka st\u00f6d i dessa regioner, d\u00e4r dess retorik har f\u00e5tt genklang hos vissa delar av befolkningen.<\/p>\n\n\n\n<p>Inrikesminister Nancy Faeser betonade att BfV:s beslut grundades p\u00e5 en grundlig och opartisk granskning och konstaterade: \u201dAfD f\u00f6retr\u00e4der ett etniskt koncept som diskriminerar hela befolkningsgrupper och behandlar medborgare med migrationsbakgrund som andra klassens tyskar.\u201d Hon noterade vidare att partiets \u201detniska inst\u00e4llning \u00e5terspeglas i rasistiska uttalanden, s\u00e4rskilt mot invandrare och muslimer.\u201d<\/p>\n\n\n\n<p>AfD:s historia \u00e4r kantad av skandaler, inklusive h\u00f6gt uppsatta medlemmar som anv\u00e4nt f\u00f6rbjudna nazistiska slagord och f\u00f6rringat nazitidens grymheter. Deras retorik och handlingar har m\u00f6tts av omfattande f\u00f6rd\u00f6manden fr\u00e5n andra politiska partier och civilsamh\u00e4llesorganisationer.<\/p>\n\n\n\n<p>Krav p\u00e5 ett f\u00f6rbud mot AfD har intensifierats efter BfV:s klassificering. Tyska politiker har betonat att ett parti som anses extremistiskt inte b\u00f6r behandlas som ett vanligt oppositionsparti, s\u00e4rskilt i parlamentet. M\u00f6jligheten f\u00f6r AfD att leda parlamentariska utskott har ansetts vara \u201dn\u00e4rmast ot\u00e4nkbart\u201d.<\/p>\n\n\n\n<p>AfD:s resa fr\u00e5n ett eurokeptiskt parti till en antimigrationskraft belyser farorna med okontrollerad extremism. Partiets framg\u00e5ngar i nyligen genomf\u00f6rda val understryker vikten av att bem\u00f6ta dess radikala ideologi.<\/p>\n\n\n\n<p>Tysklands grundlag, som antogs efter nazistregimens fasor, till\u00e5ter f\u00f6rbud av partier som \u201davsiktligt undergr\u00e4ver funktionen hos Tysklands fria demokratiska grundordning\u201d. BfV:s klassificering utg\u00f6r en stark grund f\u00f6r framtida r\u00e4ttsliga \u00e5tg\u00e4rder mot AfD.<\/p>\n\n\n\n<p>Det \u00e4r viktigt att f\u00f6rst\u00e5 att farorna med dessa typer av extremistgrupper inte \u00e4r isolerade till Tyskland. Organisationer som Alternativ f\u00f6r Sverige (AfS) och Nordiska motst\u00e5ndsr\u00f6relsen (NMR) st\u00e5r n\u00e4st p\u00e5 tur. Dessa grupper \u00e4r f\u00e5niga och okreativa nordiska kopior av AfD och Nationaldemokratische Partei Deutschlands (NPD), och de kommer att st\u00e4mplas som terroristorganisationer f\u00f6rr eller senare. Det \u00e4r absolut n\u00f6dv\u00e4ndigt att vi k\u00e4nner igen och bek\u00e4mpar dessa farliga ideologier var de \u00e4n dyker upp.<\/p>\n\n\n\n<p>Efter BfV:s klassificering av AfD som en terroristorganisation firade Alternative for Immigrants (AfI) beslutet som en avg\u00f6rande seger mot hat och diskriminering. AfI framf\u00f6r sina varmaste gratulationer till alla invandrare och minoritetsgrupper i Tyskland och uttrycker en \u00f6verv\u00e4ldigande gl\u00e4dje och l\u00e4ttnad \u00f6ver att AfD:s extremistiska natur officiellt har erk\u00e4nts.<\/p>\n\n\n\n<p>Kampen mot extremism \u00e4r ett kollektivt ansvar. Det kr\u00e4ver vaksamhet, utbildning och ett engagemang f\u00f6r att uppr\u00e4tth\u00e5lla demokratiska v\u00e4rden. H\u00e5ll dig informerad, f\u00f6rbli engagerad och st\u00e5 upp mot hatet.<\/p>\n\n\n\n<div style=\"height:20px\" aria-hidden=\"true\" class=\"wp-block-spacer\"><\/div>\n\n\n\n<figure class=\"wp-block-embed aligncenter is-type-video is-provider-youtube wp-block-embed-youtube wp-embed-aspect-16-9 wp-has-aspect-ratio\"><div class=\"wp-block-embed__wrapper\">\n<iframe loading=\"lazy\" title=\"\ud83d\udea8 Alternative f\u00fcr Deutschland (AfD) Klassas som Terrorister av Tysk Underr\u00e4ttelsetj\u00e4nst \ud83d\udeab\" width=\"1080\" height=\"608\" src=\"https:\/\/www.youtube.com\/embed\/K_LchzlejoU?feature=oembed\"  allow=\"accelerometer; autoplay; clipboard-write; encrypted-media; gyroscope; picture-in-picture; web-share\" referrerpolicy=\"strict-origin-when-cross-origin\" allowfullscreen><\/iframe>\n<\/div><\/figure>","protected":false},"excerpt":{"rendered":"<p>Germany&#8217;s intelligence agency has officially classified Alternative for Germany (AfD) as a right-wing extremist organization. This designation marks a significant escalation in the scrutiny of a party that has repeatedly courted controversy with its racist, antisemitic, xenophobic, and homophobic rhetoric. The Federal Office for the Protection of the Constitution (BfV) released a 1,100-page report detailing [&hellip;]<\/p>\n","protected":false},"author":1,"featured_media":1488,"comment_status":"open","ping_status":"open","sticky":false,"template":"","format":"standard","meta":{"_et_pb_use_builder":"off","_et_pb_old_content":"","_et_gb_content_width":"","footnotes":""},"categories":[5],"tags":[],"class_list":["post-416","post","type-post","status-publish","format-standard","has-post-thumbnail","hentry","category-press-release"],"_links":{"self":[{"href":"https:\/\/alternativeforimmigrants.org\/sv\/wp-json\/wp\/v2\/posts\/416","targetHints":{"allow":["GET"]}}],"collection":[{"href":"https:\/\/alternativeforimmigrants.org\/sv\/wp-json\/wp\/v2\/posts"}],"about":[{"href":"https:\/\/alternativeforimmigrants.org\/sv\/wp-json\/wp\/v2\/types\/post"}],"author":[{"embeddable":true,"href":"https:\/\/alternativeforimmigrants.org\/sv\/wp-json\/wp\/v2\/users\/1"}],"replies":[{"embeddable":true,"href":"https:\/\/alternativeforimmigrants.org\/sv\/wp-json\/wp\/v2\/comments?post=416"}],"version-history":[{"count":3,"href":"https:\/\/alternativeforimmigrants.org\/sv\/wp-json\/wp\/v2\/posts\/416\/revisions"}],"predecessor-version":[{"id":2160,"href":"https:\/\/alternativeforimmigrants.org\/sv\/wp-json\/wp\/v2\/posts\/416\/revisions\/2160"}],"wp:featuredmedia":[{"embeddable":true,"href":"https:\/\/alternativeforimmigrants.org\/sv\/wp-json\/wp\/v2\/media\/1488"}],"wp:attachment":[{"href":"https:\/\/alternativeforimmigrants.org\/sv\/wp-json\/wp\/v2\/media?parent=416"}],"wp:term":[{"taxonomy":"category","embeddable":true,"href":"https:\/\/alternativeforimmigrants.org\/sv\/wp-json\/wp\/v2\/categories?post=416"},{"taxonomy":"post_tag","embeddable":true,"href":"https:\/\/alternativeforimmigrants.org\/sv\/wp-json\/wp\/v2\/tags?post=416"}],"curies":[{"name":"wp","href":"https:\/\/api.w.org\/{rel}","templated":true}]}}